{"id":1124,"date":"2024-02-20T19:29:36","date_gmt":"2024-02-20T19:29:36","guid":{"rendered":"https:\/\/art-telheiras.pt\/?p=1124"},"modified":"2026-01-16T15:50:45","modified_gmt":"2026-01-16T14:50:45","slug":"teatroaparte","status":"publish","type":"post","link":"https:\/\/art-telheiras.pt\/?p=1124","title":{"rendered":"Teatro\u00e0parte"},"content":{"rendered":"\n<div class=\"wp-block-columns is-layout-flex wp-container-core-columns-is-layout-ed5226f6 wp-block-columns-is-layout-flex\" style=\"padding-right:0;padding-left:0\">\n<div class=\"wp-block-column is-layout-flow wp-block-column-is-layout-flow\" style=\"padding-right:0;padding-left:0;flex-basis:60%\">\n<p>O teatro<strong>\u00e0<\/strong>parte, Grupo de Teatro da ART (inicialmente com o nome de Teatro dell&#8217;ART, e depois P\u00f3 de Palco), nasceu em novembro de 1997.<\/p>\n\n\n\n<p>Neste momento conta com 20 atores, \u00e9 encenado pelo\u00a0Eurico Lopes\u00a0e os ensaios s\u00e3o \u00e0s segundas-feiras \u00e0s 21h15 no Centro Comunit\u00e1rio de Telheiras.<\/p>\n\n\n\n<blockquote class=\"wp-block-quote is-layout-flow wp-block-quote-is-layout-flow\">\n<p><strong>&#8220;Rindo se castigam os costumes&#8221;<\/strong><\/p>\n<cite>Gil Vicente<\/cite><\/blockquote>\n\n\n\n<div style=\"height:46px\" aria-hidden=\"true\" class=\"wp-block-spacer\"><\/div>\n\n\n\n<div class=\"wp-block-buttons is-layout-flex wp-block-buttons-is-layout-flex\">\n<div class=\"wp-block-button\"><a class=\"wp-block-button__link wp-element-button\" href=\"https:\/\/art-telheiras.pt\/?page_id=389\">Voltar \u00e0 p\u00e1gina Atividades<\/a><\/div>\n<\/div>\n<\/div>\n\n\n\n<div class=\"wp-block-column is-layout-flow wp-block-column-is-layout-flow\" style=\"flex-basis:10%\"><\/div>\n\n\n\n<div class=\"wp-block-column is-layout-flow wp-block-column-is-layout-flow\" style=\"padding-right:0;padding-left:0;flex-basis:30%\">\n<p><strong>Hor\u00e1rios:<\/strong><\/p>\n\n\n\n<p>Segunda-feira, 21h15<\/p>\n\n\n\n<p><strong>Local:<\/strong><\/p>\n\n\n\n<p><strong>Centro Comunit\u00e1rio de Telheiras<\/strong><br>R. Prof. M\u00e1rio Chic\u00f3 5, 1600-622 Lisboa <br>(<a href=\"https:\/\/maps.app.goo.gl\/yxnkWgPBR4S3BDsJ7\">ver no <\/a><a href=\"https:\/\/maps.app.goo.gl\/yxnkWgPBR4S3BDsJ7\" target=\"_blank\" rel=\"noreferrer noopener\">mapa<\/a>)<\/p>\n\n\n\n<figure class=\"wp-block-image size-full has-custom-border\"><img loading=\"lazy\" decoding=\"async\" width=\"781\" height=\"781\" src=\"https:\/\/art-telheiras.pt\/wp-content\/uploads\/2024\/02\/Teatroaparte_img.jpeg\" alt=\"\" class=\"has-border-color has-nv-light-bg-border-color wp-image-1125\" style=\"border-width:1px\" srcset=\"https:\/\/art-telheiras.pt\/wp-content\/uploads\/2024\/02\/Teatroaparte_img.jpeg 781w, https:\/\/art-telheiras.pt\/wp-content\/uploads\/2024\/02\/Teatroaparte_img-300x300.jpeg 300w, https:\/\/art-telheiras.pt\/wp-content\/uploads\/2024\/02\/Teatroaparte_img-150x150.jpeg 150w, https:\/\/art-telheiras.pt\/wp-content\/uploads\/2024\/02\/Teatroaparte_img-768x768.jpeg 768w\" sizes=\"auto, (max-width: 781px) 100vw, 781px\" \/><\/figure>\n<\/div>\n<\/div>\n\n\n\n<div class=\"wp-block-cover alignfull has-neve-text-color-color has-text-color has-link-color wp-elements-ed795f19ad15d7bb459d3ef5414f676d\" style=\"padding-top:var(--wp--preset--spacing--60);padding-right:var(--wp--preset--spacing--80);padding-bottom:var(--wp--preset--spacing--60);padding-left:var(--wp--preset--spacing--80)\"><span aria-hidden=\"true\" class=\"wp-block-cover__background has-neve-link-color-background-color has-background-dim-100 has-background-dim\"><\/span><div class=\"wp-block-cover__inner-container is-layout-constrained wp-container-core-cover-is-layout-1df9bf10 wp-block-cover-is-layout-constrained\">\n<div style=\"height:19px\" aria-hidden=\"true\" class=\"wp-block-spacer\"><\/div>\n\n\n<div class=\"wp-block-image\">\n<figure class=\"aligncenter size-full is-resized\"><img loading=\"lazy\" decoding=\"async\" width=\"504\" height=\"483\" src=\"https:\/\/art-telheiras.pt\/wp-content\/uploads\/2024\/01\/ART_Logo-B_NegAmar.png\" alt=\"\" class=\"wp-image-17\" style=\"width:100px\" srcset=\"https:\/\/art-telheiras.pt\/wp-content\/uploads\/2024\/01\/ART_Logo-B_NegAmar.png 504w, https:\/\/art-telheiras.pt\/wp-content\/uploads\/2024\/01\/ART_Logo-B_NegAmar-300x288.png 300w\" sizes=\"auto, (max-width: 504px) 100vw, 504px\" \/><\/figure>\n<\/div>\n\n\n<div style=\"height:30px\" aria-hidden=\"true\" class=\"wp-block-spacer\"><\/div>\n\n\n\n<h2 class=\"wp-block-heading has-text-align-center\">A tua cidade come\u00e7a aqui!<\/h2>\n\n\n\n<div class=\"wp-block-buttons is-content-justification-center is-layout-flex wp-container-core-buttons-is-layout-16018d1d wp-block-buttons-is-layout-flex\">\n<div class=\"wp-block-button is-style-secondary\"><a class=\"wp-block-button__link wp-element-button\" href=\"https:\/\/socios.quotasonline.pt\/arttelheiras\/inscricao\" target=\"_blank\" rel=\"noreferrer noopener\">Inscreve-te na ART<\/a><\/div>\n<\/div>\n\n\n\n<div style=\"height:19px\" aria-hidden=\"true\" class=\"wp-block-spacer\"><\/div>\n\n\n\n<div style=\"height:18px\" aria-hidden=\"true\" class=\"wp-block-spacer\"><\/div>\n<\/div><\/div>\n","protected":false},"excerpt":{"rendered":"<p>O teatro\u00e0parte, Grupo de Teatro da ART (inicialmente com o nome de Teatro dell&#8217;ART, e depois P\u00f3 de Palco), nasceu em novembro de 1997. Neste momento conta com 20 atores,&hellip;&nbsp;<a href=\"https:\/\/art-telheiras.pt\/?p=1124\" rel=\"bookmark\">Ler mais &raquo;<span class=\"screen-reader-text\">Teatro\u00e0parte<\/span><\/a><\/p>\n","protected":false},"author":1,"featured_media":1129,"comment_status":"closed","ping_status":"closed","sticky":false,"template":"","format":"standard","meta":{"neve_meta_sidebar":"","neve_meta_container":"","neve_meta_enable_content_width":"","neve_meta_content_width":0,"neve_meta_title_alignment":"","neve_meta_author_avatar":"","neve_post_elements_order":"","neve_meta_disable_header":"","neve_meta_disable_footer":"","neve_meta_disable_title":"","_themeisle_gutenberg_block_has_review":false,"_jetpack_memberships_contains_paid_content":false,"footnotes":""},"categories":[12,13],"tags":[],"class_list":["post-1124","post","type-post","status-publish","format-standard","has-post-thumbnail","hentry","category-atividades","category-clubes"],"jetpack_featured_media_url":"https:\/\/art-telheiras.pt\/wp-content\/uploads\/2024\/02\/palco_ProibidoSuicidarse_1600x900.jpg","jetpack_sharing_enabled":true,"jetpack_likes_enabled":true,"_links":{"self":[{"href":"https:\/\/art-telheiras.pt\/index.php?rest_route=\/wp\/v2\/posts\/1124","targetHints":{"allow":["GET"]}}],"collection":[{"href":"https:\/\/art-telheiras.pt\/index.php?rest_route=\/wp\/v2\/posts"}],"about":[{"href":"https:\/\/art-telheiras.pt\/index.php?rest_route=\/wp\/v2\/types\/post"}],"author":[{"embeddable":true,"href":"https:\/\/art-telheiras.pt\/index.php?rest_route=\/wp\/v2\/users\/1"}],"replies":[{"embeddable":true,"href":"https:\/\/art-telheiras.pt\/index.php?rest_route=%2Fwp%2Fv2%2Fcomments&post=1124"}],"version-history":[{"count":6,"href":"https:\/\/art-telheiras.pt\/index.php?rest_route=\/wp\/v2\/posts\/1124\/revisions"}],"predecessor-version":[{"id":1907,"href":"https:\/\/art-telheiras.pt\/index.php?rest_route=\/wp\/v2\/posts\/1124\/revisions\/1907"}],"wp:featuredmedia":[{"embeddable":true,"href":"https:\/\/art-telheiras.pt\/index.php?rest_route=\/wp\/v2\/media\/1129"}],"wp:attachment":[{"href":"https:\/\/art-telheiras.pt\/index.php?rest_route=%2Fwp%2Fv2%2Fmedia&parent=1124"}],"wp:term":[{"taxonomy":"category","embeddable":true,"href":"https:\/\/art-telheiras.pt\/index.php?rest_route=%2Fwp%2Fv2%2Fcategories&post=1124"},{"taxonomy":"post_tag","embeddable":true,"href":"https:\/\/art-telheiras.pt\/index.php?rest_route=%2Fwp%2Fv2%2Ftags&post=1124"}],"curies":[{"name":"wp","href":"https:\/\/api.w.org\/{rel}","templated":true}]}}