{"id":1434,"date":"2024-07-09T13:39:40","date_gmt":"2024-07-09T13:39:40","guid":{"rendered":"https:\/\/art-telheiras.pt\/?p=1434"},"modified":"2024-07-09T13:48:39","modified_gmt":"2024-07-09T13:48:39","slug":"2o-projeto-de-energia-solar-da-comunidade-de-energia-de-telheiras-lumiar-ate-25-de-julho","status":"publish","type":"post","link":"https:\/\/art-telheiras.pt\/?p=1434","title":{"rendered":"2\u00ba projeto de energia solar da Comunidade de Energia de Telheiras\/Lumiar (at\u00e9 25 de julho!)"},"content":{"rendered":"\n<p><\/p>\n\n\n\n<p><strong>A Comunidade de Energia Renov\u00e1vel de Telheiras (CER Telheiras) tem as&nbsp;<u>inscri\u00e7\u00f5es abertas para o seu 2\u00ba projeto de energia solar<\/u>&nbsp;at\u00e9 dia 25 de julho.&nbsp;<\/strong>Toda a informa\u00e7\u00e3o e formul\u00e1rio de ades\u00e3o:&nbsp;<a href=\"https:\/\/vivertelheiras.pt\/certelheiras\/pavilhao\" target=\"_blank\" rel=\"noreferrer noopener\">https:\/\/vivertelheiras.pt\/certelheiras\/pavilhao<\/a><\/p>\n\n\n\n<p><strong>Este projeto est\u00e1 aberto n\u00e3o s\u00f3 a moradores, mas&nbsp;<u>tamb\u00e9m \u00e0s associa\u00e7\u00f5es locais<\/u>&nbsp;e pequenas e&nbsp;m\u00e9dias empresas do bairro<\/strong>, que se podem inscrever como potenciais membros da CER Telheiras e participar na produ\u00e7\u00e3o local e partilha de energia renov\u00e1vel&nbsp;<img decoding=\"async\" alt=\"\u2600\ufe0f\" src=\"https:\/\/fonts.gstatic.com\/s\/e\/notoemoji\/15.0\/2600_fe0f\/32.png\"><\/p>\n\n\n\n<p>A CER Telheiras instalou o seu sistema fotovoltaico piloto no Antigo Lagar da Quinta de S\u00e3o Vicente e j\u00e1 est\u00e1 a produzir eletricidade solar para consumo no pr\u00f3prio edif\u00edcio e partilha com 16 fam\u00edlias locais.<\/p>\n\n\n\n<p>O projeto \u00e9 promovido pela&nbsp;<strong>Parceria Local de Telheiras<\/strong>&nbsp;e<strong>&nbsp;Junta de Freguesia do Lumiar<\/strong>, tendo como benef\u00edcios a melhoria da sustentabilidade, a redu\u00e7\u00e3o das faturas de energia dos membros, o retorno positivo do investimento e o apoio social a fam\u00edlias vulner\u00e1veis.&nbsp;<strong><u>Tendo em conta a g\u00e9nese e organiza\u00e7\u00e3o&nbsp;do projeto, faria todo o sentido contarmos com entidades da Parceria Local nesta iniciativa!<\/u><\/strong><\/p>\n\n\n\n<figure class=\"wp-block-image size-large is-resized\"><img loading=\"lazy\" decoding=\"async\" width=\"1024\" height=\"768\" src=\"https:\/\/art-telheiras.pt\/wp-content\/uploads\/2024\/07\/CERa-1024x768.jpeg\" alt=\"\" class=\"wp-image-1435\" style=\"width:458px;height:auto\" srcset=\"https:\/\/art-telheiras.pt\/wp-content\/uploads\/2024\/07\/CERa-1024x768.jpeg 1024w, https:\/\/art-telheiras.pt\/wp-content\/uploads\/2024\/07\/CERa-300x225.jpeg 300w, https:\/\/art-telheiras.pt\/wp-content\/uploads\/2024\/07\/CERa-768x576.jpeg 768w, https:\/\/art-telheiras.pt\/wp-content\/uploads\/2024\/07\/CERa-1536x1152.jpeg 1536w, https:\/\/art-telheiras.pt\/wp-content\/uploads\/2024\/07\/CERa.jpeg 1600w\" sizes=\"auto, (max-width: 1024px) 100vw, 1024px\" \/><\/figure>\n\n\n\n<p><strong>O 2\u00ba projeto de energia solar ser\u00e1 instalado no Pavilh\u00e3o Gimnodesportivo do Alto da Faia, prevendo-se a abertura de cerca de 50 vagas para membros que queiram investir no sistema fotovoltaico e beneficiar diretamente da energia produzida.<\/strong><\/p>\n\n\n\n<p>Considerando que as fam\u00edlias, as associa\u00e7\u00f5es e as empresas t\u00eam gastos de energia variados, neste 2\u00ba projeto existem tr\u00eas diferentes op\u00e7\u00f5es de investimento (desde 145 at\u00e9 435 euros) com correspondente aloca\u00e7\u00e3o de uma fra\u00e7\u00e3o da energia produzida. O per\u00edodo de retorno esperado do investimento ser\u00e1 de cerca de 4 anos, dependendo, claro, do pre\u00e7o da eletricidade que cada um tem contratado.<\/p>\n\n\n\n<figure class=\"wp-block-image size-full is-resized\"><img loading=\"lazy\" decoding=\"async\" width=\"399\" height=\"235\" src=\"https:\/\/art-telheiras.pt\/wp-content\/uploads\/2024\/07\/cerb.jpeg\" alt=\"\" class=\"wp-image-1436\" style=\"width:417px;height:auto\" srcset=\"https:\/\/art-telheiras.pt\/wp-content\/uploads\/2024\/07\/cerb.jpeg 399w, https:\/\/art-telheiras.pt\/wp-content\/uploads\/2024\/07\/cerb-300x177.jpeg 300w\" sizes=\"auto, (max-width: 399px) 100vw, 399px\" \/><\/figure>\n\n\n\n<p><\/p>\n\n\n\n<p>Mais informa\u00e7\u00f5es sobre o projeto geral da CER Telheiras em&nbsp;<a href=\"http:\/\/vivertelheiras.pt\/certelheiras\/\" target=\"_blank\" rel=\"noreferrer noopener\">http:\/\/vivertelheiras.pt\/certelheiras\/<\/a><\/p>\n","protected":false},"excerpt":{"rendered":"<p>A Comunidade de Energia Renov\u00e1vel de Telheiras (CER Telheiras) tem as&nbsp;inscri\u00e7\u00f5es abertas para o seu 2\u00ba projeto de energia solar&nbsp;at\u00e9 dia 25 de julho.&nbsp;Toda a informa\u00e7\u00e3o e formul\u00e1rio de ades\u00e3o:&nbsp;https:\/\/vivertelheiras.pt\/certelheiras\/pavilhao&hellip;&nbsp;<a href=\"https:\/\/art-telheiras.pt\/?p=1434\" rel=\"bookmark\">Ler mais &raquo;<span class=\"screen-reader-text\">2\u00ba projeto de energia solar da Comunidade de Energia de Telheiras\/Lumiar (at\u00e9 25 de julho!)<\/span><\/a><\/p>\n","protected":false},"author":2,"featured_media":1439,"comment_status":"closed","ping_status":"closed","sticky":false,"template":"","format":"standard","meta":{"neve_meta_sidebar":"","neve_meta_container":"","neve_meta_enable_content_width":"","neve_meta_content_width":0,"neve_meta_title_alignment":"","neve_meta_author_avatar":"","neve_post_elements_order":"","neve_meta_disable_header":"","neve_meta_disable_footer":"","neve_meta_disable_title":"","_themeisle_gutenberg_block_has_review":false,"_jetpack_memberships_contains_paid_content":false,"footnotes":""},"categories":[5,10],"tags":[],"class_list":["post-1434","post","type-post","status-publish","format-standard","has-post-thumbnail","hentry","category-artigos","category-intervencao"],"jetpack_featured_media_url":"https:\/\/art-telheiras.pt\/wp-content\/uploads\/2024\/07\/cerb-1.jpeg","jetpack_sharing_enabled":true,"jetpack_likes_enabled":true,"_links":{"self":[{"href":"https:\/\/art-telheiras.pt\/index.php?rest_route=\/wp\/v2\/posts\/1434","targetHints":{"allow":["GET"]}}],"collection":[{"href":"https:\/\/art-telheiras.pt\/index.php?rest_route=\/wp\/v2\/posts"}],"about":[{"href":"https:\/\/art-telheiras.pt\/index.php?rest_route=\/wp\/v2\/types\/post"}],"author":[{"embeddable":true,"href":"https:\/\/art-telheiras.pt\/index.php?rest_route=\/wp\/v2\/users\/2"}],"replies":[{"embeddable":true,"href":"https:\/\/art-telheiras.pt\/index.php?rest_route=%2Fwp%2Fv2%2Fcomments&post=1434"}],"version-history":[{"count":2,"href":"https:\/\/art-telheiras.pt\/index.php?rest_route=\/wp\/v2\/posts\/1434\/revisions"}],"predecessor-version":[{"id":1440,"href":"https:\/\/art-telheiras.pt\/index.php?rest_route=\/wp\/v2\/posts\/1434\/revisions\/1440"}],"wp:featuredmedia":[{"embeddable":true,"href":"https:\/\/art-telheiras.pt\/index.php?rest_route=\/wp\/v2\/media\/1439"}],"wp:attachment":[{"href":"https:\/\/art-telheiras.pt\/index.php?rest_route=%2Fwp%2Fv2%2Fmedia&parent=1434"}],"wp:term":[{"taxonomy":"category","embeddable":true,"href":"https:\/\/art-telheiras.pt\/index.php?rest_route=%2Fwp%2Fv2%2Fcategories&post=1434"},{"taxonomy":"post_tag","embeddable":true,"href":"https:\/\/art-telheiras.pt\/index.php?rest_route=%2Fwp%2Fv2%2Ftags&post=1434"}],"curies":[{"name":"wp","href":"https:\/\/api.w.org\/{rel}","templated":true}]}}