{"id":1884,"date":"2026-02-20T14:50:16","date_gmt":"2026-02-20T13:50:16","guid":{"rendered":"https:\/\/art-telheiras.pt\/?p=1884"},"modified":"2026-02-20T14:50:21","modified_gmt":"2026-02-20T13:50:21","slug":"atelier-de-desenho-e-pintura","status":"publish","type":"post","link":"https:\/\/art-telheiras.pt\/?p=1884","title":{"rendered":"Atelier de Desenho e Pintura"},"content":{"rendered":"\n<div class=\"wp-block-columns is-layout-flex wp-container-core-columns-is-layout-ed5226f6 wp-block-columns-is-layout-flex\" style=\"padding-right:0;padding-left:0\">\n<div class=\"wp-block-column is-layout-flow wp-block-column-is-layout-flow\" style=\"padding-right:0;padding-left:0;flex-basis:60%\">\n<p><\/p>\n\n\n\n<p>O <strong>Atelier de Desenho e Pintura<\/strong> \u00e9 um espa\u00e7o de cria\u00e7\u00e3o art\u00edstica aberto a todas as idades e n\u00edveis de experi\u00eancia.<br>Promove o desenvolvimento da express\u00e3o individual atrav\u00e9s de diferentes t\u00e9cnicas de desenho, pintura e experimenta\u00e7\u00e3o pl\u00e1stica.<br>Num ambiente acolhedor e inspirador, estimula a criatividade, a concentra\u00e7\u00e3o e o olhar cr\u00edtico.<br>Mais do que aprender t\u00e9cnicas, \u00e9 um convite a descobrir e a dar forma \u00e0 imagina\u00e7\u00e3o<\/p>\n\n\n\n<h4 class=\"wp-block-heading\"><strong>Aulas ministradas por:<\/strong><\/h4>\n\n\n\n<p>Joana Leal<\/p>\n\n\n\n<div class=\"wp-block-buttons is-layout-flex wp-block-buttons-is-layout-flex\">\n<div class=\"wp-block-button\"><a class=\"wp-block-button__link wp-element-button\" href=\"https:\/\/art-telheiras.pt\/?page_id=389\">Voltar \u00e0 p\u00e1gina Atividades<\/a><\/div>\n<\/div>\n<\/div>\n\n\n\n<div class=\"wp-block-column is-layout-flow wp-block-column-is-layout-flow\" style=\"flex-basis:10%\"><\/div>\n\n\n\n<div class=\"wp-block-column is-layout-flow wp-block-column-is-layout-flow\" style=\"padding-right:0;padding-left:0;flex-basis:30%\">\n<p><strong>Hor\u00e1rios:<\/strong><\/p>\n\n\n\n<p>Segunda-feira<br>9h-11h\/11h30-13h30\/19h-21h<\/p>\n\n\n\n<p>Ter\u00e7a-feira, 9h-11h<\/p>\n\n\n\n<p><\/p>\n\n\n\n<p><strong>Local:<\/strong><\/p>\n\n\n\n<p><strong>Sede da ART <\/strong><br>R. Prof. M\u00e1rio Chic\u00f3 5, <br>1600-622 Lisboa<br>(<a href=\"http:\/\/R. Prof. M\u00e1rio Chic\u00f3 5, 1600-622 Lisboa\" target=\"_blank\" rel=\"noreferrer noopener\">ver no mapa<\/a>)<\/p>\n\n\n\n<figure class=\"wp-block-image size-large\"><img loading=\"lazy\" decoding=\"async\" width=\"1024\" height=\"683\" src=\"https:\/\/art-telheiras.pt\/wp-content\/uploads\/2026\/02\/2e984dab-8742-4936-8acb-f8e34aaf3059-1024x683.png\" alt=\"\" class=\"wp-image-1947\" srcset=\"https:\/\/art-telheiras.pt\/wp-content\/uploads\/2026\/02\/2e984dab-8742-4936-8acb-f8e34aaf3059-1024x683.png 1024w, https:\/\/art-telheiras.pt\/wp-content\/uploads\/2026\/02\/2e984dab-8742-4936-8acb-f8e34aaf3059-300x200.png 300w, https:\/\/art-telheiras.pt\/wp-content\/uploads\/2026\/02\/2e984dab-8742-4936-8acb-f8e34aaf3059-768x512.png 768w, https:\/\/art-telheiras.pt\/wp-content\/uploads\/2026\/02\/2e984dab-8742-4936-8acb-f8e34aaf3059-930x620.png 930w, https:\/\/art-telheiras.pt\/wp-content\/uploads\/2026\/02\/2e984dab-8742-4936-8acb-f8e34aaf3059.png 1536w\" sizes=\"auto, (max-width: 1024px) 100vw, 1024px\" \/><\/figure>\n<\/div>\n<\/div>\n\n\n\n<p><strong>INFORMA\u00c7\u00d5ES<\/strong>:<\/p>\n\n\n\n<p>Email: arttelheiras@gmail.com <\/p>\n\n\n\n<p>Telem\u00f3vel 967 802 402<\/p>\n","protected":false},"excerpt":{"rendered":"<p>O Atelier de Desenho e Pintura \u00e9 um espa\u00e7o de cria\u00e7\u00e3o art\u00edstica aberto a todas as idades e n\u00edveis de experi\u00eancia.Promove o desenvolvimento da express\u00e3o individual atrav\u00e9s de diferentes t\u00e9cnicas&hellip;&nbsp;<a href=\"https:\/\/art-telheiras.pt\/?p=1884\" rel=\"bookmark\">Ler mais &raquo;<span class=\"screen-reader-text\">Atelier de Desenho e Pintura<\/span><\/a><\/p>\n","protected":false},"author":1,"featured_media":0,"comment_status":"closed","ping_status":"closed","sticky":false,"template":"","format":"standard","meta":{"neve_meta_sidebar":"","neve_meta_container":"","neve_meta_enable_content_width":"","neve_meta_content_width":0,"neve_meta_title_alignment":"","neve_meta_author_avatar":"","neve_post_elements_order":"[\"content\"]","neve_meta_disable_header":"","neve_meta_disable_footer":"","neve_meta_disable_title":"","_themeisle_gutenberg_block_has_review":false,"_jetpack_memberships_contains_paid_content":false,"footnotes":""},"categories":[20,12,1],"tags":[],"class_list":["post-1884","post","type-post","status-publish","format-standard","hentry","category-atelier-de-desenho-e-pintura","category-atividades","category-uncategorized"],"jetpack_featured_media_url":"","jetpack_sharing_enabled":true,"jetpack_likes_enabled":true,"_links":{"self":[{"href":"https:\/\/art-telheiras.pt\/index.php?rest_route=\/wp\/v2\/posts\/1884","targetHints":{"allow":["GET"]}}],"collection":[{"href":"https:\/\/art-telheiras.pt\/index.php?rest_route=\/wp\/v2\/posts"}],"about":[{"href":"https:\/\/art-telheiras.pt\/index.php?rest_route=\/wp\/v2\/types\/post"}],"author":[{"embeddable":true,"href":"https:\/\/art-telheiras.pt\/index.php?rest_route=\/wp\/v2\/users\/1"}],"replies":[{"embeddable":true,"href":"https:\/\/art-telheiras.pt\/index.php?rest_route=%2Fwp%2Fv2%2Fcomments&post=1884"}],"version-history":[{"count":4,"href":"https:\/\/art-telheiras.pt\/index.php?rest_route=\/wp\/v2\/posts\/1884\/revisions"}],"predecessor-version":[{"id":1961,"href":"https:\/\/art-telheiras.pt\/index.php?rest_route=\/wp\/v2\/posts\/1884\/revisions\/1961"}],"wp:attachment":[{"href":"https:\/\/art-telheiras.pt\/index.php?rest_route=%2Fwp%2Fv2%2Fmedia&parent=1884"}],"wp:term":[{"taxonomy":"category","embeddable":true,"href":"https:\/\/art-telheiras.pt\/index.php?rest_route=%2Fwp%2Fv2%2Fcategories&post=1884"},{"taxonomy":"post_tag","embeddable":true,"href":"https:\/\/art-telheiras.pt\/index.php?rest_route=%2Fwp%2Fv2%2Ftags&post=1884"}],"curies":[{"name":"wp","href":"https:\/\/api.w.org\/{rel}","templated":true}]}}