{"id":442,"date":"2024-01-09T12:09:59","date_gmt":"2024-01-09T12:09:59","guid":{"rendered":"https:\/\/art-telheiras.pt\/?p=442"},"modified":"2026-01-16T15:47:56","modified_gmt":"2026-01-16T14:47:56","slug":"ballet","status":"publish","type":"post","link":"https:\/\/art-telheiras.pt\/?p=442","title":{"rendered":"Ballet &#8211; Inicia\u00e7\u00e3o ao Movimento"},"content":{"rendered":"\n<h2 class=\"wp-block-heading\"><strong>Inicia\u00e7\u00e3o ao movimento<\/strong><\/h2>\n\n\n\n<div class=\"wp-block-columns is-layout-flex wp-container-core-columns-is-layout-ed5226f6 wp-block-columns-is-layout-flex\" style=\"padding-right:0;padding-left:0\">\n<div class=\"wp-block-column is-layout-flow wp-block-column-is-layout-flow\" style=\"padding-right:0;padding-left:0;flex-basis:60%\">\n<p>As sess\u00f5es s\u00e3o planeadas face \u00e0 fase de desenvolvimento em que a crian\u00e7a se encontra, o seu universo comunicativo, as suas capacidades motoras e de concentra\u00e7\u00e3o.<\/p>\n\n\n\n<p>As aulas desenvolvem-se a partir de tr\u00eas eixos: o corpo, o espa\u00e7o e o tempo. A express\u00e3o dram\u00e1tica e a t\u00e9cnica de dan\u00e7a cl\u00e1ssica \u2013 posi\u00e7\u00f5es, primeiros passos ou movimentos do <em>ballet<\/em>.<\/p>\n\n\n\n<p><strong>Professora:<\/strong> Ana Bacalhau<\/p>\n\n\n\n<p><strong>P\u00fablico alvo:<\/strong> Crian\u00e7as a partir dos 3 anos<\/p>\n\n\n\n<p>***<\/p>\n\n\n\n<figure class=\"wp-block-image size-large\"><img loading=\"lazy\" decoding=\"async\" width=\"1024\" height=\"682\" src=\"https:\/\/art-telheiras.pt\/wp-content\/uploads\/2024\/02\/ANA-EDAK-2018-w-1024x682.jpg\" alt=\"\" class=\"wp-image-876\" srcset=\"https:\/\/art-telheiras.pt\/wp-content\/uploads\/2024\/02\/ANA-EDAK-2018-w-1024x682.jpg 1024w, https:\/\/art-telheiras.pt\/wp-content\/uploads\/2024\/02\/ANA-EDAK-2018-w-300x200.jpg 300w, https:\/\/art-telheiras.pt\/wp-content\/uploads\/2024\/02\/ANA-EDAK-2018-w-768x511.jpg 768w, https:\/\/art-telheiras.pt\/wp-content\/uploads\/2024\/02\/ANA-EDAK-2018-w-1536x1022.jpg 1536w, https:\/\/art-telheiras.pt\/wp-content\/uploads\/2024\/02\/ANA-EDAK-2018-w-2048x1363.jpg 2048w, https:\/\/art-telheiras.pt\/wp-content\/uploads\/2024\/02\/ANA-EDAK-2018-w-930x620.jpg 930w\" sizes=\"auto, (max-width: 1024px) 100vw, 1024px\" \/><\/figure>\n\n\n\n<p><strong><em>Ana Bacalhau<\/em><\/strong> \u00e9 formada em dan\u00e7a pela Escola de Dan\u00e7a do Conservat\u00f3rio Nacional e mestre em Psicologia Cl\u00ednica pelo Instituto Superior de Psicologia Aplicada.<\/p>\n\n\n\n<p>A pr\u00e1tica da dan\u00e7a e o estudo em psicologia convergem no trabalho regular e espec\u00edfico que desenvolve com crian\u00e7as e jovens nos dom\u00ednios do movimento, da dan\u00e7a e das express\u00f5es.<\/p>\n\n\n\n<div class=\"wp-block-buttons is-layout-flex wp-block-buttons-is-layout-flex\">\n<div class=\"wp-block-button\"><a class=\"wp-block-button__link wp-element-button\" href=\"https:\/\/art-telheiras.pt\/?page_id=389\">Voltar \u00e0 p\u00e1gina Atividades<\/a><\/div>\n<\/div>\n<\/div>\n\n\n\n<div class=\"wp-block-column is-layout-flow wp-block-column-is-layout-flow\" style=\"flex-basis:10%\"><\/div>\n\n\n\n<div class=\"wp-block-column is-layout-flow wp-block-column-is-layout-flow\" style=\"padding-right:0;padding-left:0;flex-basis:30%\">\n<p><strong>Hor\u00e1rios:<\/strong><\/p>\n\n\n\n<p>Ter\u00e7a-feira, 17h45 &#8211; 18h40<\/p>\n\n\n\n<p><strong>Local:<\/strong><\/p>\n\n\n\n<p>na sede da ART<\/p>\n\n\n\n<figure class=\"wp-block-image size-full has-custom-border\"><img loading=\"lazy\" decoding=\"async\" width=\"1414\" height=\"2000\" src=\"https:\/\/art-telheiras.pt\/wp-content\/uploads\/2024\/01\/CartazBallet-2026-1.jpg\" alt=\"\" class=\"has-border-color has-nv-light-bg-border-color wp-image-1904\" style=\"border-width:1px\" srcset=\"https:\/\/art-telheiras.pt\/wp-content\/uploads\/2024\/01\/CartazBallet-2026-1.jpg 1414w, https:\/\/art-telheiras.pt\/wp-content\/uploads\/2024\/01\/CartazBallet-2026-1-212x300.jpg 212w, https:\/\/art-telheiras.pt\/wp-content\/uploads\/2024\/01\/CartazBallet-2026-1-724x1024.jpg 724w, https:\/\/art-telheiras.pt\/wp-content\/uploads\/2024\/01\/CartazBallet-2026-1-768x1086.jpg 768w, https:\/\/art-telheiras.pt\/wp-content\/uploads\/2024\/01\/CartazBallet-2026-1-1086x1536.jpg 1086w\" sizes=\"auto, (max-width: 1414px) 100vw, 1414px\" \/><\/figure>\n<\/div>\n<\/div>\n\n\n\n<div class=\"wp-block-cover alignfull has-neve-text-color-color has-text-color has-link-color wp-elements-ed795f19ad15d7bb459d3ef5414f676d\" style=\"padding-top:var(--wp--preset--spacing--60);padding-right:var(--wp--preset--spacing--80);padding-bottom:var(--wp--preset--spacing--60);padding-left:var(--wp--preset--spacing--80)\"><span aria-hidden=\"true\" class=\"wp-block-cover__background has-neve-link-color-background-color has-background-dim-100 has-background-dim\"><\/span><div class=\"wp-block-cover__inner-container is-layout-constrained wp-container-core-cover-is-layout-1df9bf10 wp-block-cover-is-layout-constrained\">\n<div style=\"height:19px\" aria-hidden=\"true\" class=\"wp-block-spacer\"><\/div>\n\n\n<div class=\"wp-block-image\">\n<figure class=\"aligncenter size-full is-resized\"><img loading=\"lazy\" decoding=\"async\" width=\"504\" height=\"483\" src=\"https:\/\/art-telheiras.pt\/wp-content\/uploads\/2024\/01\/ART_Logo-B_NegAmar.png\" alt=\"\" class=\"wp-image-17\" style=\"width:100px\" srcset=\"https:\/\/art-telheiras.pt\/wp-content\/uploads\/2024\/01\/ART_Logo-B_NegAmar.png 504w, https:\/\/art-telheiras.pt\/wp-content\/uploads\/2024\/01\/ART_Logo-B_NegAmar-300x288.png 300w\" sizes=\"auto, (max-width: 504px) 100vw, 504px\" \/><\/figure>\n<\/div>\n\n\n<div style=\"height:30px\" aria-hidden=\"true\" class=\"wp-block-spacer\"><\/div>\n\n\n\n<h2 class=\"wp-block-heading has-text-align-center\">A tua cidade come\u00e7a aqui!<\/h2>\n\n\n\n<div class=\"wp-block-buttons is-content-justification-center is-layout-flex wp-container-core-buttons-is-layout-16018d1d wp-block-buttons-is-layout-flex\">\n<div class=\"wp-block-button is-style-secondary\"><a class=\"wp-block-button__link wp-element-button\" href=\"https:\/\/socios.quotasonline.pt\/arttelheiras\/inscricao\" target=\"_blank\" rel=\"noreferrer noopener\">Inscreve-te na ART<\/a><\/div>\n<\/div>\n\n\n\n<div style=\"height:19px\" aria-hidden=\"true\" class=\"wp-block-spacer\"><\/div>\n\n\n\n<div style=\"height:18px\" aria-hidden=\"true\" class=\"wp-block-spacer\"><\/div>\n<\/div><\/div>\n","protected":false},"excerpt":{"rendered":"<p>Em fase com o desenvolvimento de cada crian\u00e7a, as aulas desenvolvem-se a partir dos tr\u00eas eixos: o corpo, o espa\u00e7o e o tempo. Ensina-se a express\u00e3o dram\u00e1tica e a t\u00e9cnica de dan\u00e7a cl\u00e1ssica \u2013 posi\u00e7\u00f5es, primeiros passos ou movimentos do ballet.<\/p>\n","protected":false},"author":1,"featured_media":1890,"comment_status":"closed","ping_status":"closed","sticky":false,"template":"","format":"standard","meta":{"neve_meta_sidebar":"","neve_meta_container":"","neve_meta_enable_content_width":"","neve_meta_content_width":0,"neve_meta_title_alignment":"","neve_meta_author_avatar":"","neve_post_elements_order":"","neve_meta_disable_header":"","neve_meta_disable_footer":"","neve_meta_disable_title":"","_themeisle_gutenberg_block_has_review":false,"_jetpack_memberships_contains_paid_content":false,"footnotes":""},"categories":[12,14],"tags":[],"class_list":["post-442","post","type-post","status-publish","format-standard","has-post-thumbnail","hentry","category-atividades","category-escolas"],"jetpack_featured_media_url":"https:\/\/art-telheiras.pt\/wp-content\/uploads\/2024\/01\/Ballet-1200x700-1.jpg","jetpack_sharing_enabled":true,"jetpack_likes_enabled":true,"_links":{"self":[{"href":"https:\/\/art-telheiras.pt\/index.php?rest_route=\/wp\/v2\/posts\/442","targetHints":{"allow":["GET"]}}],"collection":[{"href":"https:\/\/art-telheiras.pt\/index.php?rest_route=\/wp\/v2\/posts"}],"about":[{"href":"https:\/\/art-telheiras.pt\/index.php?rest_route=\/wp\/v2\/types\/post"}],"author":[{"embeddable":true,"href":"https:\/\/art-telheiras.pt\/index.php?rest_route=\/wp\/v2\/users\/1"}],"replies":[{"embeddable":true,"href":"https:\/\/art-telheiras.pt\/index.php?rest_route=%2Fwp%2Fv2%2Fcomments&post=442"}],"version-history":[{"count":15,"href":"https:\/\/art-telheiras.pt\/index.php?rest_route=\/wp\/v2\/posts\/442\/revisions"}],"predecessor-version":[{"id":1905,"href":"https:\/\/art-telheiras.pt\/index.php?rest_route=\/wp\/v2\/posts\/442\/revisions\/1905"}],"wp:featuredmedia":[{"embeddable":true,"href":"https:\/\/art-telheiras.pt\/index.php?rest_route=\/wp\/v2\/media\/1890"}],"wp:attachment":[{"href":"https:\/\/art-telheiras.pt\/index.php?rest_route=%2Fwp%2Fv2%2Fmedia&parent=442"}],"wp:term":[{"taxonomy":"category","embeddable":true,"href":"https:\/\/art-telheiras.pt\/index.php?rest_route=%2Fwp%2Fv2%2Fcategories&post=442"},{"taxonomy":"post_tag","embeddable":true,"href":"https:\/\/art-telheiras.pt\/index.php?rest_route=%2Fwp%2Fv2%2Ftags&post=442"}],"curies":[{"name":"wp","href":"https:\/\/api.w.org\/{rel}","templated":true}]}}