{"id":621,"date":"2024-01-10T16:13:33","date_gmt":"2024-01-10T16:13:33","guid":{"rendered":"https:\/\/art-telheiras.pt\/?p=621"},"modified":"2026-01-15T18:22:50","modified_gmt":"2026-01-15T17:22:50","slug":"escola-4","status":"publish","type":"post","link":"https:\/\/art-telheiras.pt\/?p=621","title":{"rendered":"Tricot"},"content":{"rendered":"\n<div class=\"wp-block-columns is-layout-flex wp-container-core-columns-is-layout-ed5226f6 wp-block-columns-is-layout-flex\" style=\"padding-right:0;padding-left:0\">\n<div class=\"wp-block-column is-layout-flow wp-block-column-is-layout-flow\" style=\"padding-right:0;padding-left:0;flex-basis:60%\">\n<p>O atelier de tricot re\u00fane um grupo de pessoas bem dispostas que se junta semanalmente para tricotar, trocar ideias de tricot, crochet, costura e n\u00e3o s\u00f3. Se tem uma camisola por acabar h\u00e1 anos, se comprou num impulso v\u00e1rios novelos de l\u00e3 e n\u00e3o sabe que projeto iniciar ou se tem o v\u00edcio do tricot junte-se a este grupo. <\/p>\n\n\n\n<p>Se se quiser inspirar veja o instagram de <a href=\"https:\/\/www.instagram.com\/monkeyhuglisboa\/\">monkeyhuglisboa<\/a>.<\/p>\n\n\n\n<div class=\"wp-block-buttons is-layout-flex wp-block-buttons-is-layout-flex\">\n<div class=\"wp-block-button\"><a class=\"wp-block-button__link wp-element-button\" href=\"https:\/\/art-telheiras.pt\/?page_id=389\">Voltar \u00e0 p\u00e1gina Atividades<\/a><\/div>\n<\/div>\n<\/div>\n\n\n\n<div class=\"wp-block-column is-layout-flow wp-block-column-is-layout-flow\" style=\"flex-basis:10%\"><\/div>\n\n\n\n<div class=\"wp-block-column is-layout-flow wp-block-column-is-layout-flow\" style=\"padding-right:0;padding-left:0;flex-basis:30%\">\n<p><strong>Hor\u00e1rios:<\/strong><\/p>\n\n\n\n<p>Quarta-feira, 10h30 &#8211; 14h<\/p>\n\n\n\n<p><strong>Local:<\/strong><\/p>\n\n\n\n<p>Sede da ART<\/p>\n\n\n\n<figure class=\"wp-block-image size-full has-custom-border\"><img loading=\"lazy\" decoding=\"async\" width=\"600\" height=\"849\" src=\"https:\/\/art-telheiras.pt\/wp-content\/uploads\/2024\/01\/Cartaz-Trico2024-s_w.jpg\" alt=\"\" class=\"has-border-color has-nv-light-bg-border-color wp-image-822\" style=\"border-width:1px\" srcset=\"https:\/\/art-telheiras.pt\/wp-content\/uploads\/2024\/01\/Cartaz-Trico2024-s_w.jpg 600w, https:\/\/art-telheiras.pt\/wp-content\/uploads\/2024\/01\/Cartaz-Trico2024-s_w-212x300.jpg 212w\" sizes=\"auto, (max-width: 600px) 100vw, 600px\" \/><\/figure>\n<\/div>\n<\/div>\n","protected":false},"excerpt":{"rendered":"<p>Somos um grupo de pessoas bem dispostas que se junta semanalmente para tricotar, trocar ideias de tricot, crochet, costura e n\u00e3o s\u00f3.<\/p>\n","protected":false},"author":1,"featured_media":1877,"comment_status":"closed","ping_status":"closed","sticky":false,"template":"","format":"standard","meta":{"neve_meta_sidebar":"default","neve_meta_container":"default","neve_meta_enable_content_width":"off","neve_meta_content_width":70,"neve_meta_title_alignment":"","neve_meta_author_avatar":"","neve_post_elements_order":"[\"title\",\"meta\",\"content\",\"tags\",\"comments\"]","neve_meta_disable_header":"","neve_meta_disable_footer":"","neve_meta_disable_title":"","_themeisle_gutenberg_block_has_review":false,"_jetpack_memberships_contains_paid_content":false,"footnotes":""},"categories":[12,14],"tags":[],"class_list":["post-621","post","type-post","status-publish","format-standard","has-post-thumbnail","hentry","category-atividades","category-escolas"],"jetpack_featured_media_url":"https:\/\/art-telheiras.pt\/wp-content\/uploads\/2024\/01\/Tricot-1200x700-1.jpg","jetpack_sharing_enabled":true,"jetpack_likes_enabled":true,"_links":{"self":[{"href":"https:\/\/art-telheiras.pt\/index.php?rest_route=\/wp\/v2\/posts\/621","targetHints":{"allow":["GET"]}}],"collection":[{"href":"https:\/\/art-telheiras.pt\/index.php?rest_route=\/wp\/v2\/posts"}],"about":[{"href":"https:\/\/art-telheiras.pt\/index.php?rest_route=\/wp\/v2\/types\/post"}],"author":[{"embeddable":true,"href":"https:\/\/art-telheiras.pt\/index.php?rest_route=\/wp\/v2\/users\/1"}],"replies":[{"embeddable":true,"href":"https:\/\/art-telheiras.pt\/index.php?rest_route=%2Fwp%2Fv2%2Fcomments&post=621"}],"version-history":[{"count":17,"href":"https:\/\/art-telheiras.pt\/index.php?rest_route=\/wp\/v2\/posts\/621\/revisions"}],"predecessor-version":[{"id":1875,"href":"https:\/\/art-telheiras.pt\/index.php?rest_route=\/wp\/v2\/posts\/621\/revisions\/1875"}],"wp:featuredmedia":[{"embeddable":true,"href":"https:\/\/art-telheiras.pt\/index.php?rest_route=\/wp\/v2\/media\/1877"}],"wp:attachment":[{"href":"https:\/\/art-telheiras.pt\/index.php?rest_route=%2Fwp%2Fv2%2Fmedia&parent=621"}],"wp:term":[{"taxonomy":"category","embeddable":true,"href":"https:\/\/art-telheiras.pt\/index.php?rest_route=%2Fwp%2Fv2%2Fcategories&post=621"},{"taxonomy":"post_tag","embeddable":true,"href":"https:\/\/art-telheiras.pt\/index.php?rest_route=%2Fwp%2Fv2%2Ftags&post=621"}],"curies":[{"name":"wp","href":"https:\/\/api.w.org\/{rel}","templated":true}]}}