{"id":625,"date":"2024-01-10T16:16:12","date_gmt":"2024-01-10T16:16:12","guid":{"rendered":"https:\/\/art-telheiras.pt\/?p=625"},"modified":"2026-01-16T16:58:23","modified_gmt":"2026-01-16T15:58:23","slug":"clube-1","status":"publish","type":"post","link":"https:\/\/art-telheiras.pt\/?p=625","title":{"rendered":"Hora do Conto"},"content":{"rendered":"\n<div class=\"wp-block-columns is-layout-flex wp-container-core-columns-is-layout-ed5226f6 wp-block-columns-is-layout-flex\" style=\"padding-right:0;padding-left:0\">\n<div class=\"wp-block-column is-layout-flow wp-block-column-is-layout-flow\" style=\"padding-right:0;padding-left:0;flex-basis:60%\">\n<p>A Hora do Conto \u00e9 um espa\u00e7o informal e gratuito, que existe desde 2016, onde se procura explorar o mundo das hist\u00f3rias infantis com os mais pequenos (0-10 anos), incentivando ao gosto pela leitura.\u00a0<\/p>\n\n\n\n<p>A atividade \u00e9 dinamizada por <strong>Leonor Costa<\/strong>, <strong>Isabel Mendes<\/strong> <strong>Lopes<\/strong> e <strong>Maria Ana Freitas<\/strong>, normalmente uma vez por m\u00eas em datas a anunciar. <\/p>\n\n\n\n<p>Em todas as sess\u00f5es existe espa\u00e7o para que outras pessoas possam ler porque as crian\u00e7as adoram ver a sua m\u00e3e ou pai ou tio como protagonista. Qualquer pessoa pode ler (com limite de 2 pessoas por sess\u00e3o), mediante inscri\u00e7\u00e3o pr\u00e9via por e-mail \u2013 \u00a0<a href=\"mailto:HoraDoContoART@gmail.com\" target=\"_blank\" rel=\"noreferrer noopener\">HoraDoContoART@gmail.com<\/a>\u00a0 \u2013 mas \u00e9 pedido que as hist\u00f3rias sejam curtas pois o nosso p\u00fablico \u00e9, por vezes, impaciente.\u00a0<\/p>\n\n\n\n<figure class=\"wp-block-image size-large\"><img loading=\"lazy\" decoding=\"async\" width=\"1024\" height=\"576\" src=\"https:\/\/art-telheiras.pt\/wp-content\/uploads\/2024\/01\/HoraDoConto_23_24_generico_w-1024x576.jpg\" alt=\"\" class=\"wp-image-744\" srcset=\"https:\/\/art-telheiras.pt\/wp-content\/uploads\/2024\/01\/HoraDoConto_23_24_generico_w-1024x576.jpg 1024w, https:\/\/art-telheiras.pt\/wp-content\/uploads\/2024\/01\/HoraDoConto_23_24_generico_w-300x169.jpg 300w, https:\/\/art-telheiras.pt\/wp-content\/uploads\/2024\/01\/HoraDoConto_23_24_generico_w-768x432.jpg 768w, https:\/\/art-telheiras.pt\/wp-content\/uploads\/2024\/01\/HoraDoConto_23_24_generico_w.jpg 1280w\" sizes=\"auto, (max-width: 1024px) 100vw, 1024px\" \/><\/figure>\n\n\n\n<div class=\"wp-block-buttons is-layout-flex wp-block-buttons-is-layout-flex\">\n<div class=\"wp-block-button\"><a class=\"wp-block-button__link wp-element-button\" href=\"https:\/\/art-telheiras.pt\/?page_id=389\">Voltar \u00e0 p\u00e1gina Atividades<\/a><\/div>\n<\/div>\n<\/div>\n\n\n\n<div class=\"wp-block-column is-layout-flow wp-block-column-is-layout-flow\" style=\"flex-basis:10%\"><\/div>\n\n\n\n<div class=\"wp-block-column is-layout-flow wp-block-column-is-layout-flow\" style=\"padding-right:0;padding-left:0;flex-basis:30%\">\n<h4 class=\"wp-block-heading\"><strong>Hor\u00e1rios:<\/strong><\/h4>\n\n\n\n<p>Domingo, 11h &#8211; 12h<\/p>\n\n\n\n<h4 class=\"wp-block-heading\"><strong>Local:<\/strong><\/h4>\n\n\n\n<p>Na sede da ART<\/p>\n\n\n\n<figure class=\"wp-block-image size-full has-custom-border\"><img loading=\"lazy\" decoding=\"async\" width=\"1414\" height=\"2000\" src=\"https:\/\/art-telheiras.pt\/wp-content\/uploads\/2024\/02\/Hora-do-Conto.jpg\" alt=\"\" class=\"has-border-color has-nv-light-bg-border-color wp-image-902\" style=\"border-width:1px\" srcset=\"https:\/\/art-telheiras.pt\/wp-content\/uploads\/2024\/02\/Hora-do-Conto.jpg 1414w, https:\/\/art-telheiras.pt\/wp-content\/uploads\/2024\/02\/Hora-do-Conto-212x300.jpg 212w, https:\/\/art-telheiras.pt\/wp-content\/uploads\/2024\/02\/Hora-do-Conto-724x1024.jpg 724w, https:\/\/art-telheiras.pt\/wp-content\/uploads\/2024\/02\/Hora-do-Conto-768x1086.jpg 768w, https:\/\/art-telheiras.pt\/wp-content\/uploads\/2024\/02\/Hora-do-Conto-1086x1536.jpg 1086w\" sizes=\"auto, (max-width: 1414px) 100vw, 1414px\" \/><\/figure>\n<\/div>\n<\/div>\n\n\n\n<div class=\"wp-block-cover alignfull has-neve-text-color-color has-text-color has-link-color wp-elements-dd06d9fa43e90d1120fd92adadec0fd9\" style=\"padding-top:var(--wp--preset--spacing--60);padding-right:var(--wp--preset--spacing--80);padding-bottom:var(--wp--preset--spacing--60);padding-left:var(--wp--preset--spacing--80)\"><span aria-hidden=\"true\" class=\"wp-block-cover__background has-neve-link-color-background-color has-background-dim-100 has-background-dim\"><\/span><div class=\"wp-block-cover__inner-container is-layout-constrained wp-container-core-cover-is-layout-1df9bf10 wp-block-cover-is-layout-constrained\">\n<div style=\"height:19px\" aria-hidden=\"true\" class=\"wp-block-spacer\"><\/div>\n\n\n<div class=\"wp-block-image\">\n<figure class=\"aligncenter size-full is-resized\"><img loading=\"lazy\" decoding=\"async\" width=\"504\" height=\"483\" src=\"https:\/\/art-telheiras.pt\/wp-content\/uploads\/2024\/01\/ART_Logo-B_NegAmar.png\" alt=\"\" class=\"wp-image-17\" style=\"width:100px\" srcset=\"https:\/\/art-telheiras.pt\/wp-content\/uploads\/2024\/01\/ART_Logo-B_NegAmar.png 504w, https:\/\/art-telheiras.pt\/wp-content\/uploads\/2024\/01\/ART_Logo-B_NegAmar-300x288.png 300w\" sizes=\"auto, (max-width: 504px) 100vw, 504px\" \/><\/figure>\n<\/div>\n\n\n<div style=\"height:30px\" aria-hidden=\"true\" class=\"wp-block-spacer\"><\/div>\n\n\n\n<h2 class=\"wp-block-heading has-text-align-center\">A tua cidade come\u00e7a aqui!<\/h2>\n\n\n\n<div class=\"wp-block-buttons is-content-justification-center is-layout-flex wp-container-core-buttons-is-layout-16018d1d wp-block-buttons-is-layout-flex\">\n<div class=\"wp-block-button is-style-secondary\"><a class=\"wp-block-button__link wp-element-button\" href=\"https:\/\/art-telheiras.pt\/?page_id=75\">Inscreve-te<\/a><\/div>\n<\/div>\n\n\n\n<div style=\"height:19px\" aria-hidden=\"true\" class=\"wp-block-spacer\"><\/div>\n\n\n\n<div style=\"height:18px\" aria-hidden=\"true\" class=\"wp-block-spacer\"><\/div>\n<\/div><\/div>\n\n\n\n<p><\/p>\n","protected":false},"excerpt":{"rendered":"<p>A Hora do Conto \u00e9 um espa\u00e7o informal e gratuito, que existe desde 2016, onde se procura explorar o mundo das hist\u00f3rias infantis com os mais pequenos (0-10 anos), incentivando ao gosto pela leitura.<\/p>\n","protected":false},"author":1,"featured_media":1921,"comment_status":"closed","ping_status":"closed","sticky":false,"template":"","format":"standard","meta":{"neve_meta_sidebar":"","neve_meta_container":"","neve_meta_enable_content_width":"","neve_meta_content_width":0,"neve_meta_title_alignment":"","neve_meta_author_avatar":"","neve_post_elements_order":"","neve_meta_disable_header":"","neve_meta_disable_footer":"","neve_meta_disable_title":"","_themeisle_gutenberg_block_has_review":false,"_jetpack_memberships_contains_paid_content":false,"footnotes":""},"categories":[12,13],"tags":[],"class_list":["post-625","post","type-post","status-publish","format-standard","has-post-thumbnail","hentry","category-atividades","category-clubes"],"jetpack_featured_media_url":"https:\/\/art-telheiras.pt\/wp-content\/uploads\/2024\/01\/HoraDoConto-2-1200x700-1.jpg","jetpack_sharing_enabled":true,"jetpack_likes_enabled":true,"_links":{"self":[{"href":"https:\/\/art-telheiras.pt\/index.php?rest_route=\/wp\/v2\/posts\/625","targetHints":{"allow":["GET"]}}],"collection":[{"href":"https:\/\/art-telheiras.pt\/index.php?rest_route=\/wp\/v2\/posts"}],"about":[{"href":"https:\/\/art-telheiras.pt\/index.php?rest_route=\/wp\/v2\/types\/post"}],"author":[{"embeddable":true,"href":"https:\/\/art-telheiras.pt\/index.php?rest_route=\/wp\/v2\/users\/1"}],"replies":[{"embeddable":true,"href":"https:\/\/art-telheiras.pt\/index.php?rest_route=%2Fwp%2Fv2%2Fcomments&post=625"}],"version-history":[{"count":8,"href":"https:\/\/art-telheiras.pt\/index.php?rest_route=\/wp\/v2\/posts\/625\/revisions"}],"predecessor-version":[{"id":1923,"href":"https:\/\/art-telheiras.pt\/index.php?rest_route=\/wp\/v2\/posts\/625\/revisions\/1923"}],"wp:featuredmedia":[{"embeddable":true,"href":"https:\/\/art-telheiras.pt\/index.php?rest_route=\/wp\/v2\/media\/1921"}],"wp:attachment":[{"href":"https:\/\/art-telheiras.pt\/index.php?rest_route=%2Fwp%2Fv2%2Fmedia&parent=625"}],"wp:term":[{"taxonomy":"category","embeddable":true,"href":"https:\/\/art-telheiras.pt\/index.php?rest_route=%2Fwp%2Fv2%2Fcategories&post=625"},{"taxonomy":"post_tag","embeddable":true,"href":"https:\/\/art-telheiras.pt\/index.php?rest_route=%2Fwp%2Fv2%2Ftags&post=625"}],"curies":[{"name":"wp","href":"https:\/\/api.w.org\/{rel}","templated":true}]}}