{"id":627,"date":"2024-01-10T16:16:58","date_gmt":"2024-01-10T16:16:58","guid":{"rendered":"https:\/\/art-telheiras.pt\/?p=627"},"modified":"2026-02-03T17:22:38","modified_gmt":"2026-02-03T16:22:38","slug":"clube-2","status":"publish","type":"post","link":"https:\/\/art-telheiras.pt\/?p=627","title":{"rendered":"Dan\u00e7as Escocesas"},"content":{"rendered":"\n<div class=\"wp-block-columns is-layout-flex wp-container-core-columns-is-layout-ed5226f6 wp-block-columns-is-layout-flex\" style=\"padding-right:0;padding-left:0\">\n<div class=\"wp-block-column is-layout-flow wp-block-column-is-layout-flow\" style=\"padding-right:0;padding-left:0;flex-basis:60%\">\n<h3 class=\"wp-block-heading\"><strong>Hist\u00f3ria do Grupo, e pre\u00e7o das aulas<\/strong><\/h3>\n\n\n\n<p>O Grupo de Dan\u00e7a Escocesa da ART foi fundado em Setembro de 2004, e no in\u00edcio dava todas as suas aulas em Telheiras, com a preciosa ajuda da Associa\u00e7\u00e3o. Em Outubro de 2007 mudou-se para a freguesia vizinha de Carnide, e as aulas para interm\u00e9dios e avan\u00e7ados continuam l\u00e1, contando com o apoio da Junta. A partir de Setembro de 2018, com a colabora\u00e7\u00e3o da ART e da plataforma Viver Telheiras, foi poss\u00edvel oferecer cursos ocasionais em Telheiras, do n\u00edvel principiante, no Lagar da Quinta de S\u00e3o Vicente. Come\u00e7ando em 2024, os \u201cgraduados\u201d destes cursos ocasionais passaram a ter aulas em Carnide, na mesma noite do que as aulas para interm\u00e9dios e avan\u00e7ados. Para as aulas regulares em Carnide os alunos pagam 2\u20ac por cada aula a que assistam. N\u00e3o h\u00e1 j\u00f3ia de inscri\u00e7\u00e3o, e&nbsp;n\u00e3o h\u00e1 mensalidades. Os cursos ocasionais para principiantes em Telheiras, t\u00eam tipicamente dez aulas, e os alunos pagam um pre\u00e7o global para todo o curso, e tamb\u00e9m t\u00eam que ter as quotas para a ART em dia.<\/p>\n\n\n\n<p>Al\u00e9m das aulas, o Grupo d\u00e1 ceilidhs (diz-se QU\u00ca-li; s\u00e3o festas escocesas com dan\u00e7as para todos, ensinadas na altura) ou no Lagar ou ao ar livre, geralmente como parte de festivais ou outros eventos especiais organizados por outros.<\/p>\n\n\n\n<h3 class=\"wp-block-heading\"><strong>Natureza, periodicidade e local das aulas<\/strong><\/h3>\n\n\n\n<p>O professor Roger Picken d\u00e1 as aulas juntamente com a sua mulher Sue Willdig. O material principal s\u00e3o as contradan\u00e7as escocesas, mas tamb\u00e9m s\u00e3o inclu\u00eddas algumas dan\u00e7as ceilidh. As contradan\u00e7as escocesas envolvem figuras dan\u00e7adas em conjuntos de pares, tipicamente quatro pares, ao som de reels e jigs (tal como na m\u00fasica irlandesa), e de strathspeys (um lindo ritmo lento, \u00fanico da Esc\u00f3cia). Esta modalidade conquistou adeptos um bocado por todo o mundo, criando uma comunidade internacional muito din\u00e2mica. As dan\u00e7as ceilidh s\u00e3o divertidas e muito acess\u00edveis, incluindo contradan\u00e7as simples, valsas e two steps, \u00e0s vezes com o mesmo par, \u00e0s vezes com troca de par. Fazem parte da cultura na Esc\u00f3cia, sendo dan\u00e7adas em casamentos e n\u00e3o s\u00f3.<\/p>\n\n\n\n<p>Neste momento o Grupo tem mais ou menos 20 alunos a fazer as aulas regularmente connosco em Carnide no&nbsp;\u201cESPASSUS 3G\u201d, que era o antigo&nbsp;ATL Carnide Centro e agora faz parte do complexo Espassus, pertencente \u00e0 JF Carnide.<\/p>\n\n\n\n<p>As aulas realizam-se \u00e0s quartas-feiras, e come\u00e7am com uma parte dedicada aos principiantes (19h30-20h15, dada por Isabel Neves) e continuam com uma parte virada para os alunos interm\u00e9dios e avan\u00e7ados. Estes alunos j\u00e1 fizeram muitas apresenta\u00e7\u00f5es p\u00fablicas e tamb\u00e9m v\u00e3o a encontros internacionais (s\u00e3o eventos para dan\u00e7ar e aprender, n\u00e3o para competir). O ano lectivo \u00e9 sensivelmente Outubro-Junho, mas fazemos uma pausa de 2 ou 3 semanas no Natal e tamb\u00e9m geralmente n\u00e3o h\u00e1 aulas nos feriados. Novos participantes s\u00e3o sempre bem-vindos a qualquer altura do ano, porque fazemos um esfor\u00e7o de os integrar o mais depressa poss\u00edvel. Claro que \u00e9 uma vantagem se os novos alunos tiveram feito anteriormente um dos nossos cursos ocasionais em Telheiras, no Lagar. Estes cursos ocasionais s\u00e3o anunciados atrav\u00e9s da ART, da plataforma Viver Telheiras, do website do Grupo, e atrav\u00e9s da cria\u00e7\u00e3o de um evento no Facebook.<\/p>\n\n\n\n<h3 class=\"wp-block-heading\"><strong>Biografia do professor das aulas, Roger Picken<\/strong><\/h3>\n\n\n\n<p>Roger Picken nasceu em Leicester, Inglaterra, em\u00a01953, mas passou\u00a0a sua adolesc\u00eancia\u00a0nos Pa\u00edses Baixos. Frequentou a universidade em Londres, onde conheceu a Sue, a sua assistente nas aulas! Em 1982 Roger e Sue casaram e mudaram para Berlim Oeste, mas 5 anos depois decidiram fixar-se em Portugal. Ironicamente, foi em Portugal que come\u00e7aram a aprender a dan\u00e7a escocesa (com o Grupo de Carcavelos, ainda existente!). O Roger habilitou-se como professor da modalidade em 2006 em St Andrews,\u00a0Esc\u00f3cia. Quando n\u00e3o est\u00e1 a\u00a0prosseguir a sua paix\u00e3o pela dan\u00e7a (escocesas, dan\u00e7as tradicionais europeias, dan\u00e7as hist\u00f3ricas\u2026) pode ser encontrado no Instituto Superior\u00a0T\u00e9cnico em Lisboa, onde (apesar de se j\u00e1 ter reformado) se diverte com a Matem\u00e1tica.<\/p>\n\n\n\n<h3 class=\"wp-block-heading\"><strong>Links para v\u00eddeos e fotos<\/strong><\/h3>\n\n\n\n<p>V\u00eddeo-resumo da nossa actua\u00e7\u00e3o na Mostra ART no\u00a0Audit\u00f3rio da Comunidade Hindu, 15 de Mar\u00e7o de 2025.<\/p>\n\n\n\n<figure class=\"wp-block-embed is-type-video is-provider-youtube wp-block-embed-youtube wp-embed-aspect-16-9 wp-has-aspect-ratio\"><div class=\"wp-block-embed__wrapper\">\n<div class=\"nv-iframe-embed\"><iframe loading=\"lazy\" title=\"Dan\u00e7as Escocesas na MostraART25 (15-Mar-2025)\" width=\"1200\" height=\"675\" src=\"https:\/\/www.youtube.com\/embed\/O657RctOd6I?feature=oembed\" frameborder=\"0\" allow=\"accelerometer; autoplay; clipboard-write; encrypted-media; gyroscope; picture-in-picture; web-share\" referrerpolicy=\"strict-origin-when-cross-origin\" allowfullscreen><\/iframe><\/div>\n<\/div><\/figure>\n\n\n\n<p>V\u00eddeo-resumo da nossa actua\u00e7\u00e3o no palco na Feira da Luz de 2024.<\/p>\n\n\n\n<figure class=\"wp-block-embed is-type-video is-provider-youtube wp-block-embed-youtube wp-embed-aspect-16-9 wp-has-aspect-ratio\"><div class=\"wp-block-embed__wrapper\">\n<div class=\"nv-iframe-embed\"><iframe loading=\"lazy\" title=\"Dan\u00e7as Escocesas na Feira da Luz 2024\" width=\"1200\" height=\"675\" src=\"https:\/\/www.youtube.com\/embed\/nXVXzyLsi0A?feature=oembed\" frameborder=\"0\" allow=\"accelerometer; autoplay; clipboard-write; encrypted-media; gyroscope; picture-in-picture; web-share\" referrerpolicy=\"strict-origin-when-cross-origin\" allowfullscreen><\/iframe><\/div>\n<\/div><\/figure>\n\n\n\n<p>V\u00eddeo com fotos das dan\u00e7as com o p\u00fablico na Feira da Luz de 2024 (inclui tamb\u00e9m um v\u00eddeo de uma das dan\u00e7as)<\/p>\n\n\n\n<figure class=\"wp-block-embed is-type-video is-provider-youtube wp-block-embed-youtube wp-embed-aspect-16-9 wp-has-aspect-ratio\"><div class=\"wp-block-embed__wrapper\">\n<div class=\"nv-iframe-embed\"><iframe loading=\"lazy\" title=\"Dan\u00e7as Escocesas com o p\u00fablico na Feira da Luz 2024\" width=\"1200\" height=\"675\" src=\"https:\/\/www.youtube.com\/embed\/pdrYGP1MWFk?feature=oembed\" frameborder=\"0\" allow=\"accelerometer; autoplay; clipboard-write; encrypted-media; gyroscope; picture-in-picture; web-share\" referrerpolicy=\"strict-origin-when-cross-origin\" allowfullscreen><\/iframe><\/div>\n<\/div><\/figure>\n\n\n\n<p>Link para o \u00e1lbum de fotos tiradas por Jo\u00e3o Esteves no ceilidh de Junho de 2023: <\/p>\n\n\n\n<p><a href=\"http:\/\/tinyurl.com\/4849a42r\">http:\/\/tinyurl.com\/4849a42r<\/a><\/p>\n\n\n\n<p>Link para o \u00e1lbum de fotos do Magusto de Telheiras 2024<\/p>\n\n\n\n<figure class=\"wp-block-image size-large\"><img loading=\"lazy\" decoding=\"async\" width=\"1024\" height=\"665\" src=\"https:\/\/art-telheiras.pt\/wp-content\/uploads\/2024\/01\/MagustoTelh-DancasEscocesas-1024x665.jpg\" alt=\"\" class=\"wp-image-1938\" srcset=\"https:\/\/art-telheiras.pt\/wp-content\/uploads\/2024\/01\/MagustoTelh-DancasEscocesas-1024x665.jpg 1024w, https:\/\/art-telheiras.pt\/wp-content\/uploads\/2024\/01\/MagustoTelh-DancasEscocesas-300x195.jpg 300w, https:\/\/art-telheiras.pt\/wp-content\/uploads\/2024\/01\/MagustoTelh-DancasEscocesas-768x499.jpg 768w, https:\/\/art-telheiras.pt\/wp-content\/uploads\/2024\/01\/MagustoTelh-DancasEscocesas.jpg 1280w\" sizes=\"auto, (max-width: 1024px) 100vw, 1024px\" \/><figcaption class=\"wp-element-caption\">\u00a9 Teresa Bivar e Concei\u00e7\u00e3o Matos<\/figcaption><\/figure>\n\n\n\n<p><a href=\"https:\/\/sites.google.com\/site\/telheirasscd\/eventos-desde-2011\/magusto-de-telheiras-2024-fotos\">https:\/\/sites.google.com\/site\/telheirasscd\/eventos-desde-2011\/magusto-de-telheiras-2024-fotos<\/a><\/p>\n\n\n\n<div style=\"height:58px\" aria-hidden=\"true\" class=\"wp-block-spacer\"><\/div>\n\n\n\n<div class=\"wp-block-buttons is-layout-flex wp-block-buttons-is-layout-flex\">\n<div class=\"wp-block-button\"><a class=\"wp-block-button__link wp-element-button\" href=\"https:\/\/art-telheiras.pt\/?page_id=389\">Voltar \u00e0 p\u00e1gina Atividades<\/a><\/div>\n<\/div>\n<\/div>\n\n\n\n<div class=\"wp-block-column is-layout-flow wp-block-column-is-layout-flow\" style=\"flex-basis:10%\"><\/div>\n\n\n\n<div class=\"wp-block-column is-layout-flow wp-block-column-is-layout-flow\" style=\"padding-right:0;padding-left:0;flex-basis:30%\">\n<h4 class=\"wp-block-heading\"><strong>Hor\u00e1rios:<\/strong><\/h4>\n\n\n\n<p>Quarta-feira, 19h30 &#8211; 22h<\/p>\n\n\n\n<h4 class=\"wp-block-heading\"><strong>Local:<\/strong><\/h4>\n\n\n\n<p>Espassus 3G (<strong>Rua dos T\u00e1xis Palhinhas, 1600-766 Lisboa<\/strong>)<\/p>\n\n\n\n<h4 class=\"wp-block-heading\"><strong>Contactos:<\/strong><\/h4>\n\n\n\n<p>Roger Picken (professor) <br>ou, Sue Willdig.<\/p>\n\n\n\n<p><strong>Email para assuntos gerais, incluindo as aulas regulares:<\/strong> <a href=\"mailto:suerog@mail.telepac.pt\" target=\"_blank\" rel=\"noreferrer noopener\">suerog@mail.telepac.pt<\/a> <\/p>\n\n\n\n<p><strong>Sue<\/strong> (+351) 925 221 843 <br>\/ (+351) 925 304 775<\/p>\n\n\n\n<p><strong>Roger<\/strong> (+351) 925 014 164 <br>\/ (+351) 925 304 387<\/p>\n\n\n\n<h4 class=\"wp-block-heading\">Links:<\/h4>\n\n\n\n<p class=\"has-nv-dark-bg-color has-text-color has-link-color wp-elements-c73c0ddfa16ac9ee22b4c98b3209ba9a\">O nosso <strong><a href=\"https:\/\/sites.google.com\/site\/telheirasscd\/home\" target=\"_blank\" rel=\"noreferrer noopener\">Website<\/a><\/strong><\/p>\n\n\n\n<p class=\"has-nv-dark-bg-color has-text-color has-link-color wp-elements-a8dde4140aa683ec94bea1fc09893f99\"><a href=\"https:\/\/sites.google.com\/site\/telheirasscd\/eventos-desde-2011\" target=\"_blank\" rel=\"noreferrer noopener\"><strong>Sub-p\u00e1gina do nosso website com todos os nossos eventos <\/strong><\/a><\/p>\n\n\n\n<p class=\"has-nv-dark-bg-color has-text-color has-link-color wp-elements-219c2f6524ba483b98fd81318c8bdb7e\"><a href=\"https:\/\/www.facebook.com\/groups\/214942198590602\/\" target=\"_blank\" rel=\"noreferrer noopener\"><strong>Facebook<\/strong><\/a><\/p>\n\n\n\n<figure class=\"wp-block-image size-full has-custom-border\"><img loading=\"lazy\" decoding=\"async\" width=\"1414\" height=\"2000\" src=\"https:\/\/art-telheiras.pt\/wp-content\/uploads\/2024\/02\/ARTCartazes-DancasEscocesas.jpg\" alt=\"\" class=\"has-border-color has-nv-light-bg-border-color wp-image-912\" style=\"border-width:1px\" srcset=\"https:\/\/art-telheiras.pt\/wp-content\/uploads\/2024\/02\/ARTCartazes-DancasEscocesas.jpg 1414w, https:\/\/art-telheiras.pt\/wp-content\/uploads\/2024\/02\/ARTCartazes-DancasEscocesas-212x300.jpg 212w, https:\/\/art-telheiras.pt\/wp-content\/uploads\/2024\/02\/ARTCartazes-DancasEscocesas-724x1024.jpg 724w, https:\/\/art-telheiras.pt\/wp-content\/uploads\/2024\/02\/ARTCartazes-DancasEscocesas-768x1086.jpg 768w, https:\/\/art-telheiras.pt\/wp-content\/uploads\/2024\/02\/ARTCartazes-DancasEscocesas-1086x1536.jpg 1086w\" sizes=\"auto, (max-width: 1414px) 100vw, 1414px\" \/><\/figure>\n<\/div>\n<\/div>\n\n\n\n<div class=\"wp-block-cover alignfull has-neve-text-color-color has-text-color has-link-color wp-elements-fed6f3ecbbf543fe6c906a2c08211c71\" style=\"padding-top:0;padding-right:var(--wp--preset--spacing--80);padding-bottom:0;padding-left:var(--wp--preset--spacing--80)\"><span aria-hidden=\"true\" class=\"wp-block-cover__background has-neve-link-color-background-color has-background-dim-100 has-background-dim\"><\/span><div class=\"wp-block-cover__inner-container is-layout-constrained wp-container-core-cover-is-layout-2d8b6d44 wp-block-cover-is-layout-constrained\">\n<div style=\"height:19px\" aria-hidden=\"true\" class=\"wp-block-spacer\"><\/div>\n\n\n<div class=\"wp-block-image\">\n<figure class=\"aligncenter size-full is-resized\"><img loading=\"lazy\" decoding=\"async\" width=\"504\" height=\"483\" src=\"https:\/\/art-telheiras.pt\/wp-content\/uploads\/2024\/01\/ART_Logo-B_NegAmar.png\" alt=\"\" class=\"wp-image-17\" style=\"width:100px\" srcset=\"https:\/\/art-telheiras.pt\/wp-content\/uploads\/2024\/01\/ART_Logo-B_NegAmar.png 504w, https:\/\/art-telheiras.pt\/wp-content\/uploads\/2024\/01\/ART_Logo-B_NegAmar-300x288.png 300w\" sizes=\"auto, (max-width: 504px) 100vw, 504px\" \/><\/figure>\n<\/div>\n\n\n<div style=\"height:30px\" aria-hidden=\"true\" class=\"wp-block-spacer\"><\/div>\n\n\n\n<h2 class=\"wp-block-heading has-text-align-center\">A tua cidade come\u00e7a aqui!<\/h2>\n\n\n\n<div class=\"wp-block-buttons is-content-justification-center is-layout-flex wp-container-core-buttons-is-layout-16018d1d wp-block-buttons-is-layout-flex\">\n<div class=\"wp-block-button is-style-secondary\"><a class=\"wp-block-button__link wp-element-button\" href=\"https:\/\/art-telheiras.pt\/?page_id=75\">Inscreve-te<\/a><\/div>\n<\/div>\n\n\n\n<div style=\"height:19px\" aria-hidden=\"true\" class=\"wp-block-spacer\"><\/div>\n\n\n\n<div style=\"height:18px\" aria-hidden=\"true\" class=\"wp-block-spacer\"><\/div>\n<\/div><\/div>\n","protected":false},"excerpt":{"rendered":"<p>O professor Roger Picken d\u00e1 as aulas juntamente com a sua mulher Sue Willdig. O material principal s\u00e3o as contradan\u00e7as escocesas, mas tamb\u00e9m s\u00e3o inclu\u00eddas algumas dan\u00e7as ceilidh. Neste momento o Grupo tem mais ou menos 20 alunos. As aulas realizam-se \u00e0s quartas-feiras, e come\u00e7am com uma parte dedicada aos principiantes e continuam com uma parte virada para os alunos interm\u00e9dios e avan\u00e7ados.<\/p>\n","protected":false},"author":1,"featured_media":452,"comment_status":"closed","ping_status":"closed","sticky":false,"template":"","format":"standard","meta":{"neve_meta_sidebar":"","neve_meta_container":"","neve_meta_enable_content_width":"","neve_meta_content_width":0,"neve_meta_title_alignment":"","neve_meta_author_avatar":"","neve_post_elements_order":"","neve_meta_disable_header":"","neve_meta_disable_footer":"","neve_meta_disable_title":"","_themeisle_gutenberg_block_has_review":false,"_jetpack_memberships_contains_paid_content":false,"footnotes":""},"categories":[12,14],"tags":[],"class_list":["post-627","post","type-post","status-publish","format-standard","has-post-thumbnail","hentry","category-atividades","category-escolas"],"jetpack_featured_media_url":"https:\/\/art-telheiras.pt\/wp-content\/uploads\/2024\/01\/ImagensDestaqueDancaEsc.jpg","jetpack_sharing_enabled":true,"jetpack_likes_enabled":true,"_links":{"self":[{"href":"https:\/\/art-telheiras.pt\/index.php?rest_route=\/wp\/v2\/posts\/627","targetHints":{"allow":["GET"]}}],"collection":[{"href":"https:\/\/art-telheiras.pt\/index.php?rest_route=\/wp\/v2\/posts"}],"about":[{"href":"https:\/\/art-telheiras.pt\/index.php?rest_route=\/wp\/v2\/types\/post"}],"author":[{"embeddable":true,"href":"https:\/\/art-telheiras.pt\/index.php?rest_route=\/wp\/v2\/users\/1"}],"replies":[{"embeddable":true,"href":"https:\/\/art-telheiras.pt\/index.php?rest_route=%2Fwp%2Fv2%2Fcomments&post=627"}],"version-history":[{"count":12,"href":"https:\/\/art-telheiras.pt\/index.php?rest_route=\/wp\/v2\/posts\/627\/revisions"}],"predecessor-version":[{"id":1939,"href":"https:\/\/art-telheiras.pt\/index.php?rest_route=\/wp\/v2\/posts\/627\/revisions\/1939"}],"wp:featuredmedia":[{"embeddable":true,"href":"https:\/\/art-telheiras.pt\/index.php?rest_route=\/wp\/v2\/media\/452"}],"wp:attachment":[{"href":"https:\/\/art-telheiras.pt\/index.php?rest_route=%2Fwp%2Fv2%2Fmedia&parent=627"}],"wp:term":[{"taxonomy":"category","embeddable":true,"href":"https:\/\/art-telheiras.pt\/index.php?rest_route=%2Fwp%2Fv2%2Fcategories&post=627"},{"taxonomy":"post_tag","embeddable":true,"href":"https:\/\/art-telheiras.pt\/index.php?rest_route=%2Fwp%2Fv2%2Ftags&post=627"}],"curies":[{"name":"wp","href":"https:\/\/api.w.org\/{rel}","templated":true}]}}