{"id":631,"date":"2024-01-10T16:18:23","date_gmt":"2024-01-10T16:18:23","guid":{"rendered":"https:\/\/art-telheiras.pt\/?p=631"},"modified":"2026-02-20T12:53:40","modified_gmt":"2026-02-20T11:53:40","slug":"clube-4","status":"publish","type":"post","link":"https:\/\/art-telheiras.pt\/?p=631","title":{"rendered":"CoroART"},"content":{"rendered":"\n<div class=\"wp-block-columns is-layout-flex wp-container-core-columns-is-layout-ed5226f6 wp-block-columns-is-layout-flex\" style=\"padding-right:0;padding-left:0\">\n<div class=\"wp-block-column is-layout-flow wp-block-column-is-layout-flow\" style=\"padding-right:0;padding-left:0;flex-basis:60%\">\n<h2 class=\"wp-block-heading\">Coro da Associa\u00e7\u00e3o de Residentes de Telheiras<\/h2>\n\n\n\n<p><strong>UM BREVE HISTORIAL<\/strong>&nbsp;<\/p>\n\n\n\n<p>O CoroART nasceu em 1990, tendo sido uma das primeiras actividades da rec\u00e9m formada Associa\u00e7\u00e3o de Residentes de Telheiras.<\/p>\n\n\n\n<p>A sua primeira apresenta\u00e7\u00e3o p\u00fablica teve lugar no Natal de 1990 pelos caf\u00e9s de Telheiras, numa interven\u00e7\u00e3o com m\u00fasica alusiva \u00e0 \u00e9poca.<\/p>\n\n\n\n<p>Desde a sua funda\u00e7\u00e3o e at\u00e9 Maio de 2006 esteve-se sob a Direc\u00e7\u00e3o do Maestro Jos\u00e9 Leonardo.De 2006 a 2014 segue uma nova orienta\u00e7\u00e3o sob a direc\u00e7\u00e3o do Maestro Lu\u00eds Almeida, acrescentando ao seu repert\u00f3rio pe\u00e7as de m\u00fasica&nbsp; contempor\u00e2nea,&nbsp; ligeira e outras experi\u00eancias .<\/p>\n\n\n\n<p>Desde 2014, passou a ser dirigido pela Maestrina Sara Afonso que, desde 2018, \u00e9 secundada pelo maestro assistente\/pianista Pedro Ramos.<\/p>\n\n\n\n<p>Actua normalmente em Telheiras, no Lumiar, mas tamb\u00e9m na zona de Lisboa ou noutros locais do Pa\u00eds.<\/p>\n\n\n\n<p>Atualmente tem cerca de 20 elementos, cantores amadores, que ensaiam uma vez por semana no Centro Comunit\u00e1rio de Telheiras \u00e0s 3\u00aaf das 21h00 \u00e0s 23h00.<\/p>\n\n\n\n<p>O seu repert\u00f3rio inclui m\u00fasica polif\u00f3nica dos S\u00e9culos XV a XVII, estiliza\u00e7\u00f5es da m\u00fasica popular portuguesa, musicas sefarditas de compositores contempor\u00e2neos, m\u00fasicas corais de diferentes pa\u00edses, m\u00fasicas de filmes, can\u00e7\u00f5es ligeiras e populares, pe\u00e7as corais dos compositores \u201ccl\u00e1ssicos\u201d, de compositores contempor\u00e2neos, jazz e muito mais!<\/p>\n<\/div>\n\n\n\n<div class=\"wp-block-column is-layout-flow wp-block-column-is-layout-flow\" style=\"flex-basis:10%\"><\/div>\n\n\n\n<div class=\"wp-block-column is-layout-flow wp-block-column-is-layout-flow\" style=\"padding-right:0;padding-left:0;flex-basis:30%\">\n<p><strong>Hor\u00e1rios:<\/strong> <br><br>Ter\u00e7a-feira, 21h30-23h30<\/p>\n\n\n\n<p><strong>Local:<\/strong><\/p>\n\n\n\n<p>Cento Comunit\u00e1rio <br>(R. Prof. M\u00e1rio Chic\u00f3)<\/p>\n\n\n\n<figure class=\"wp-block-image size-full\"><img loading=\"lazy\" decoding=\"async\" width=\"492\" height=\"316\" src=\"https:\/\/art-telheiras.pt\/wp-content\/uploads\/2024\/02\/coroart-logo-lr.png\" alt=\"\" class=\"wp-image-887\" srcset=\"https:\/\/art-telheiras.pt\/wp-content\/uploads\/2024\/02\/coroart-logo-lr.png 492w, https:\/\/art-telheiras.pt\/wp-content\/uploads\/2024\/02\/coroart-logo-lr-300x193.png 300w\" sizes=\"auto, (max-width: 492px) 100vw, 492px\" \/><\/figure>\n<\/div>\n<\/div>\n\n\n\n<div class=\"wp-block-group\"><div class=\"wp-block-group__inner-container is-layout-constrained wp-block-group-is-layout-constrained\">\n<h3 class=\"wp-block-heading\">Quem nos conduz<\/h3>\n\n\n\n<p><strong>Sara Afonso&nbsp;<\/strong><\/p>\n\n\n\n<p>Estudou piano e t\u00e9cnica vocal no Instituto Gregoriano de Lisboa e fez o Curso de Canto na Escola de M\u00fasica do Conservat\u00f3rio Nacional. Apresenta-se regularmente como solista em \u00f3pera, orat\u00f3ria e em recitais. Para al\u00e9m da Dire\u00e7\u00e3o do CoroART, colabora pontualmente com outros grupos, dinamizando espet\u00e1culos e atividades de express\u00e3o e educa\u00e7\u00e3o vocal.&nbsp;<\/p>\n\n\n\n<p><strong>Pedro Ramos&nbsp;<\/strong><\/p>\n\n\n\n<p>\u00c9 licenciado em Classical Composition pela Manhattan School of Music. Dirige os Lisboa a Capella, que fundou em 2012. Estudou piano com Artur Pizarro, Carla Seixas e Lisa Yui. \u00c9 pianista correpetidor do Coro Gulbenkian. Integra forma\u00e7\u00f5es de c\u00e2mara, como o Trio Tarantella. \u00c9 maestro assistente do CoroART e coordenador da Temporada de Concertos Antena 2.&nbsp;<\/p>\n\n\n\n<h3 class=\"wp-block-heading\">Atividades <\/h3>\n\n\n\n<p>Tem participado em in\u00fameras actividades levadas a cabo em Telheiras, bem como em iniciativas promovidas pela Junta de Freguesia do Lumiar, onde se incluem o Festival MuDan\u00e7a (2001, 2003, 2004, 2005, 2006, 2007, 2008), Concertos de Natal (2003, de 2008 at\u00e9 \u00e0 actualidade, s\u00f3 interrompido em 2020), Festas do Lumiar (2002, 2004), Sess\u00f5es Comemorativas dos 748\u00b0 Anivers\u00e1rio (2014) e 750\u00ba Anivers\u00e1rio da Freguesia do Lumiar (2016).&nbsp;<\/p>\n\n\n\n<p>Na sua participa\u00e7\u00e3o em iniciativas da C\u00e2mara Municipal de Lisboa incluem-se: Anima\u00e7\u00e3o de Natal na Baixa Chiado (2003), Inaugura\u00e7\u00e3o da Biblioteca Municipal Orlando Ribeiro (2003), Anima\u00e7\u00e3o de Natal na Baixa Chiado (2004), Concerto no Chiado, promovido pela Rede das Bibliotecas de Lisboa (2014), Encontro de Coros da Primavera, organizado pelos Servi\u00e7os Sociais da CML (2014).&nbsp;<\/p>\n\n\n\n<p>Em 2015, ano do seu 25\u00ba anivers\u00e1rio, o CoroART foi agraciado com a Medalha de Honra da Freguesia do Lumiar, entregue na Cerim\u00f3nia de Comemora\u00e7\u00e3o do 749\u00ba anivers\u00e1rio da Freguesia.&nbsp;<\/p>\n\n\n\n<h4 class=\"wp-block-heading\"><strong>Actividade recente<\/strong>&nbsp;<\/h4>\n\n\n\n<p>Como aconteceu de um modo geral a todos os grupos semelhantes, o CoroART foi afectado pela pandemia, em particular pelos per\u00edodos de confinamento, durante os quais continu\u00e1mos com ensaios \u201cvirtuais\u201d, usando a ferramenta inform\u00e1tica Zoom. Uma demonstra\u00e7\u00e3o dessa nossa actividade confinada pode ser vista na liga\u00e7\u00e3o&nbsp;<\/p>\n\n\n\n<figure class=\"wp-block-embed is-type-video is-provider-youtube wp-block-embed-youtube wp-embed-aspect-16-9 wp-has-aspect-ratio\"><div class=\"wp-block-embed__wrapper\">\n<div class=\"nv-iframe-embed\"><iframe loading=\"lazy\" title=\"Convite \u2013 M\u00fasica de Fernando Lopes-Gra\u00e7a | Letra de Antunes da Silva (Can\u00e7\u00f5es Her\u00f3icas, 2.\u00ba Caderno)\" width=\"1200\" height=\"675\" src=\"https:\/\/www.youtube.com\/embed\/zx1UGsLPWnE?feature=oembed\" frameborder=\"0\" allow=\"accelerometer; autoplay; clipboard-write; encrypted-media; gyroscope; picture-in-picture; web-share\" allowfullscreen><\/iframe><\/div>\n<\/div><\/figure>\n\n\n\n<p>Logo que foi poss\u00edvel e seguro, regress\u00e1mos aos ensaios presenciais, primeiro com m\u00e1scara, e depois \u201cnormais\u201d.&nbsp;<\/p>\n\n\n\n<p><strong>No ano 2022:<\/strong>&nbsp;<\/p>\n\n\n\n<ul class=\"wp-block-list\">\n<li>Particip\u00e1mos na grava\u00e7\u00e3o para o programa \u201cA m\u00fasica portuguesa a gostar dela pr\u00f3pria\u201d (17 Maio) \u2013 a solicita\u00e7\u00e3o da JFL.&nbsp;<\/li>\n\n\n\n<li>Realiz\u00e1mos um ensaio aberto no Lagar de Telheiras, integrado no Festival de Telheiras (31 de Maio).&nbsp;<\/li>\n\n\n\n<li>Fizemos o nosso concerto de Ver\u00e3o \u201cM\u00fasica com a assinatura de Mozart\u201d no Audit\u00f3rio da Biblioteca Municipal Orlando Ribeiro (3 de Julho).&nbsp;&nbsp;<\/li>\n\n\n\n<li>&nbsp;Particip\u00e1mos nas XVI Jornadas Hist\u00f3rico-Culturais do Lumiar (15 de Outubro) \u2013 a solicita\u00e7\u00e3o da JFL.&nbsp;<\/li>\n\n\n\n<li>&nbsp;Cant\u00e1mos no Magusto organizado pela parceria de Telheiras (12 de Novembro)&nbsp;<\/li>\n\n\n\n<li>Demos um concerto no Col\u00f3quio Internacional Luso-Brasileiro (25 Novembro) \u2013 a solicita\u00e7\u00e3o da JFL.&nbsp;<\/li>\n\n\n\n<li>Particip\u00e1mos na Festa da ART (10 Dezembro)&nbsp;<\/li>\n\n\n\n<li>Fomos parte do&nbsp; Concerto de Natal (18 Dezembro) \u2013 a solicita\u00e7\u00e3o da JFL.&nbsp;<\/li>\n<\/ul>\n\n\n\n<p><strong>No ano 2023:<\/strong>&nbsp;<\/p>\n\n\n\n<ul class=\"wp-block-list\">\n<li>Particip\u00e1mos no Concerto de Reis, na Igreja da Ameixoeira, com o \u2018Coro Comunit\u00e1rio \u2013 QuemCanta\u2019 (7 Janeiro).&nbsp;<\/li>\n\n\n\n<li>Organiz\u00e1mos (e fomos parte de) o&nbsp; Concerto Imprevisto, juntamente com os coros \u2018Vozes da Terra\u2019 e \u2018Coro e Meio\u2019, na BMOR, Telheiras (30 Maio).&nbsp;<\/li>\n<\/ul>\n\n\n\n<h3 class=\"wp-block-heading\">Redes sociais:<\/h3>\n\n\n\n<p class=\"has-nv-dark-bg-color has-text-color has-link-color wp-elements-1838a0e5fc7fd656e75b88477f0097bf\"><strong><a href=\"https:\/\/www.facebook.com\/coroart\/\">Facebook<\/a><\/strong> \/ <strong><a href=\"https:\/\/www.instagram.com\/coroartelheiras\/\">Instagram<\/a><\/strong><\/p>\n\n\n\n<p><\/p>\n<\/div><\/div>\n\n\n\n<div class=\"wp-block-buttons is-layout-flex wp-block-buttons-is-layout-flex\">\n<div class=\"wp-block-button\"><a class=\"wp-block-button__link wp-element-button\" href=\"https:\/\/art-telheiras.pt\/?page_id=389\">Voltar \u00e0 p\u00e1gina Atividades<\/a><\/div>\n<\/div>\n\n\n\n<div style=\"height:73px\" aria-hidden=\"true\" class=\"wp-block-spacer\"><\/div>\n\n\n\n<div class=\"wp-block-cover alignfull has-neve-text-color-color has-text-color has-link-color wp-elements-dd06d9fa43e90d1120fd92adadec0fd9\" style=\"padding-top:var(--wp--preset--spacing--60);padding-right:var(--wp--preset--spacing--80);padding-bottom:var(--wp--preset--spacing--60);padding-left:var(--wp--preset--spacing--80)\"><span aria-hidden=\"true\" class=\"wp-block-cover__background has-neve-link-color-background-color has-background-dim-100 has-background-dim\"><\/span><div class=\"wp-block-cover__inner-container is-layout-constrained wp-container-core-cover-is-layout-1df9bf10 wp-block-cover-is-layout-constrained\">\n<div style=\"height:19px\" aria-hidden=\"true\" class=\"wp-block-spacer\"><\/div>\n\n\n<div class=\"wp-block-image\">\n<figure class=\"aligncenter size-full is-resized\"><img loading=\"lazy\" decoding=\"async\" width=\"504\" height=\"483\" src=\"https:\/\/art-telheiras.pt\/wp-content\/uploads\/2024\/01\/ART_Logo-B_NegAmar.png\" alt=\"\" class=\"wp-image-17\" style=\"width:100px\" srcset=\"https:\/\/art-telheiras.pt\/wp-content\/uploads\/2024\/01\/ART_Logo-B_NegAmar.png 504w, https:\/\/art-telheiras.pt\/wp-content\/uploads\/2024\/01\/ART_Logo-B_NegAmar-300x288.png 300w\" sizes=\"auto, (max-width: 504px) 100vw, 504px\" \/><\/figure>\n<\/div>\n\n\n<div style=\"height:30px\" aria-hidden=\"true\" class=\"wp-block-spacer\"><\/div>\n\n\n\n<h2 class=\"wp-block-heading has-text-align-center\">A tua cidade come\u00e7a aqui!<\/h2>\n\n\n\n<div class=\"wp-block-buttons is-content-justification-center is-layout-flex wp-container-core-buttons-is-layout-16018d1d wp-block-buttons-is-layout-flex\">\n<div class=\"wp-block-button is-style-secondary\"><a class=\"wp-block-button__link wp-element-button\" href=\"https:\/\/art-telheiras.pt\/?page_id=75\">Inscreve-te<\/a><\/div>\n<\/div>\n\n\n\n<div style=\"height:19px\" aria-hidden=\"true\" class=\"wp-block-spacer\"><\/div>\n\n\n\n<div style=\"height:18px\" aria-hidden=\"true\" class=\"wp-block-spacer\"><\/div>\n<\/div><\/div>\n\n\n\n<h2 class=\"wp-block-heading\"><\/h2>\n","protected":false},"excerpt":{"rendered":"<p>Dirigido pela Maestrina Sara Afonso e secundada pelo maestro assistente\/pianista Pedro Ramos, o CoroART atualmente tem cerca de 20 elementos que ensaiam uma vez por semana. O repert\u00f3rio do coro \u00e9 muito variado, incluindo m\u00fasica polif\u00f3nica, a m\u00fasicas de filmes, can\u00e7\u00f5es ligeiras e populares, jazz e muito mais!<\/p>\n","protected":false},"author":1,"featured_media":732,"comment_status":"closed","ping_status":"closed","sticky":false,"template":"","format":"standard","meta":{"neve_meta_sidebar":"","neve_meta_container":"","neve_meta_enable_content_width":"","neve_meta_content_width":0,"neve_meta_title_alignment":"","neve_meta_author_avatar":"","neve_post_elements_order":"","neve_meta_disable_header":"","neve_meta_disable_footer":"","neve_meta_disable_title":"","_themeisle_gutenberg_block_has_review":false,"_jetpack_memberships_contains_paid_content":false,"footnotes":""},"categories":[12,13],"tags":[],"class_list":["post-631","post","type-post","status-publish","format-standard","has-post-thumbnail","hentry","category-atividades","category-clubes"],"jetpack_featured_media_url":"https:\/\/art-telheiras.pt\/wp-content\/uploads\/2024\/01\/coroart-logo-lr.png","jetpack_sharing_enabled":true,"jetpack_likes_enabled":true,"_links":{"self":[{"href":"https:\/\/art-telheiras.pt\/index.php?rest_route=\/wp\/v2\/posts\/631","targetHints":{"allow":["GET"]}}],"collection":[{"href":"https:\/\/art-telheiras.pt\/index.php?rest_route=\/wp\/v2\/posts"}],"about":[{"href":"https:\/\/art-telheiras.pt\/index.php?rest_route=\/wp\/v2\/types\/post"}],"author":[{"embeddable":true,"href":"https:\/\/art-telheiras.pt\/index.php?rest_route=\/wp\/v2\/users\/1"}],"replies":[{"embeddable":true,"href":"https:\/\/art-telheiras.pt\/index.php?rest_route=%2Fwp%2Fv2%2Fcomments&post=631"}],"version-history":[{"count":15,"href":"https:\/\/art-telheiras.pt\/index.php?rest_route=\/wp\/v2\/posts\/631\/revisions"}],"predecessor-version":[{"id":1721,"href":"https:\/\/art-telheiras.pt\/index.php?rest_route=\/wp\/v2\/posts\/631\/revisions\/1721"}],"wp:featuredmedia":[{"embeddable":true,"href":"https:\/\/art-telheiras.pt\/index.php?rest_route=\/wp\/v2\/media\/732"}],"wp:attachment":[{"href":"https:\/\/art-telheiras.pt\/index.php?rest_route=%2Fwp%2Fv2%2Fmedia&parent=631"}],"wp:term":[{"taxonomy":"category","embeddable":true,"href":"https:\/\/art-telheiras.pt\/index.php?rest_route=%2Fwp%2Fv2%2Fcategories&post=631"},{"taxonomy":"post_tag","embeddable":true,"href":"https:\/\/art-telheiras.pt\/index.php?rest_route=%2Fwp%2Fv2%2Ftags&post=631"}],"curies":[{"name":"wp","href":"https:\/\/api.w.org\/{rel}","templated":true}]}}