{"id":984,"date":"2023-01-13T15:16:59","date_gmt":"2023-01-13T15:16:59","guid":{"rendered":"https:\/\/art-telheiras.pt\/?p=984"},"modified":"2024-02-16T17:07:29","modified_gmt":"2024-02-16T17:07:29","slug":"direito-de-superficie","status":"publish","type":"post","link":"https:\/\/art-telheiras.pt\/?p=984","title":{"rendered":"Direito de Superf\u00edcie"},"content":{"rendered":"\n<p>O&nbsp;<em>Direito de Superf\u00edcie<\/em>&nbsp;n\u00e3o \u00e9 um tema desconhecido a grande parte dos Telheirenses. No entanto, \u00e9 um tema que suscita algum questionamento e levanta problem\u00e1ticas que t\u00eam de ser abordadas e resolvidas.<\/p>\n\n\n\n<p>\u00c9 do conhecimento de muitos que a urbaniza\u00e7\u00e3o de Telheiras, cuja\u00a0constru\u00e7\u00e3o\u00a0iniciada nos anos 80 do s\u00e9culo passado,\u00a0fora edificada pela EPUL em\u00a0<em>Direito de Superf\u00edcie<\/em>.\u00a0<\/p>\n\n\n\n<div class=\"wp-block-cover alignfull has-parallax has-nv-site-bg-color has-text-color has-link-color wp-elements-239641967af7320ddb431f3d686f07fd\"><span aria-hidden=\"true\" class=\"wp-block-cover__background has-nv-dark-bg-background-color has-background-dim-60 has-background-dim\"><\/span><div role=\"img\" class=\"wp-block-cover__image-background wp-image-994 has-parallax\" style=\"background-position:50% 50%;background-image:url(https:\/\/art-telheiras.pt\/wp-content\/uploads\/2024\/02\/20220818_200551-FR-w.jpg)\"><\/div><div class=\"wp-block-cover__inner-container is-layout-constrained wp-block-cover-is-layout-constrained\">\n<div class=\"wp-block-group\"><div class=\"wp-block-group__inner-container is-layout-constrained wp-block-group-is-layout-constrained\">\n<div class=\"wp-block-group\" style=\"padding-right:var(--wp--preset--spacing--80);padding-left:var(--wp--preset--spacing--80)\"><div class=\"wp-block-group__inner-container is-layout-constrained wp-container-core-group-is-layout-8de92ddb wp-block-group-is-layout-constrained\">\n<p class=\"has-nv-site-bg-color has-text-color has-link-color wp-elements-8ce035c75c31b5c746d6274776a49577\">\u00c9 de notar:<\/p>\n\n\n\n<ol class=\"wp-block-list\">\n<li>que esse\u00a0<em>Direito de Superf\u00edcie<\/em>\u00a0tem a dura\u00e7\u00e3o de\u00a0<strong>oitenta anos<\/strong>, e que em muitos pr\u00e9dios metade desse tempo j\u00e1 decorreu<\/li>\n\n\n\n<li>que, dentro de poucos anos,\u00a0<strong>os Bancos come\u00e7ar\u00e3o a levantar problemas em fazer financiamento para compra de habita\u00e7\u00e3o<\/strong>\u00a0por prazos superiores ao remanescente do\u00a0<em>Direito de Superf\u00edcie<\/em><\/li>\n\n\n\n<li>que, nessa altura<strong>\u00a0o pre\u00e7o de mercado dos im\u00f3veis vai ficar na m\u00e3o de investidores<\/strong>\u00a0que n\u00e3o precisam de recorrer a cr\u00e9dito<\/li>\n\n\n\n<li>que\u00a0<strong>uma queda generalizada dos pre\u00e7os dos im\u00f3veis em Telheiras pode trazer associada uma degrada\u00e7\u00e3o da qualidade de vida no bairro<\/strong><\/li>\n\n\n\n<li>que\u00a0<strong>est\u00e3o nesta condi\u00e7\u00e3o cerca de 1800 fogos e 100 espa\u00e7os comerciais<\/strong><\/li>\n<\/ol>\n<\/div><\/div>\n<\/div><\/div>\n<\/div><\/div>\n\n\n\n<div style=\"height:46px\" aria-hidden=\"true\" class=\"wp-block-spacer\"><\/div>\n\n\n\n<p>Por estes motivos a\u00a0Associa\u00e7\u00e3o prop\u00f4s \u00e0 Junta de Freguesia do Lumiar (JFL) e \u00e0 C\u00e2mara Municipal de Lisboa (CML) que os im\u00f3veis nestas condi\u00e7\u00f5es passem, atrav\u00e9s da compra do terreno em que cada edif\u00edcio est\u00e1 implantado, para Propriedade Plena e, atendendo ao valor que cada propriet\u00e1rio ter\u00e1 que dispender de acordo com a permilagem do fogo no edif\u00edcio, que o valor a pagar por cada um possa ser pago de uma das seguintes formas:<\/p>\n\n\n\n<ul class=\"wp-block-list\">\n<li>Na pr\u00f3xima transmiss\u00e3o onerosa do im\u00f3vel, o propriet\u00e1rio paga o valor calculado \u00e0 CML, no ato da escritura, e \u00e9 feito o correspondente registo, juntamente com os os registos correspondentes \u00e0 transa\u00e7\u00e3o<\/li>\n\n\n\n<li>Na transmiss\u00e3o n\u00e3o onerosa do im\u00f3vel (heran\u00e7a), os herdeiros acordar\u00e3o com a CML esse pagamento.<\/li>\n\n\n\n<li>Em qualquer momento,\u00a0para os propriet\u00e1rios que possam e queiram faz\u00ea-lo.<\/li>\n\n\n\n<li>Dividido pelos anos que faltam para o final do per\u00edodo de Direito de Superf\u00edcie, a CML cobrar\u00e1 o valor anual, como se de uma taxa se tratasse. Se houver durante esse per\u00edodo transmiss\u00e3o onerosa ou gratuita, aplicam-se as al\u00edneas correspondentes.<\/li>\n\n\n\n<li>Nos primeiros dez anos ap\u00f3s o acordo, o valor calculado ser\u00e1 pago em singelo, ap\u00f3s esses dez anos, sobre o valor ainda em d\u00edvida, incidir\u00e1 uma taxa de juro igual \u00e0 taxa m\u00e9dia com que os principais bancos portugueses remuneram os Dep\u00f3sitos a Prazo a um ano.<\/li>\n\n\n\n<li>Em qualquer momento poder\u00e1 o propriet\u00e1rio do fogo pagar integralmente o valor em d\u00edvida.<\/li>\n<\/ul>\n\n\n\n<p>No pr\u00f3ximo dia 19 de Janeiro 2023, pelas 18h, no Lagar,\u00a0haver\u00e1 uma sess\u00e3o de esclarecimento com a presen\u00e7a do presidente da JFL, Dr. Ricardo Mexia e a Sra. Vereadora\u00a0da CML,\u00a0Arq\u00aa.\u00a0Filipa Roseta.<\/p>\n","protected":false},"excerpt":{"rendered":"<p>O&nbsp;Direito de Superf\u00edcie&nbsp;n\u00e3o \u00e9 um tema desconhecido a grande parte dos Telheirenses. No entanto, \u00e9 um tema que suscita algum questionamento e levanta problem\u00e1ticas que t\u00eam de ser abordadas e&hellip;&nbsp;<a href=\"https:\/\/art-telheiras.pt\/?p=984\" rel=\"bookmark\">Ler mais &raquo;<span class=\"screen-reader-text\">Direito de Superf\u00edcie<\/span><\/a><\/p>\n","protected":false},"author":1,"featured_media":985,"comment_status":"closed","ping_status":"closed","sticky":false,"template":"","format":"standard","meta":{"neve_meta_sidebar":"","neve_meta_container":"","neve_meta_enable_content_width":"","neve_meta_content_width":0,"neve_meta_title_alignment":"","neve_meta_author_avatar":"","neve_post_elements_order":"[\"content\"]","neve_meta_disable_header":"","neve_meta_disable_footer":"","neve_meta_disable_title":"","_themeisle_gutenberg_block_has_review":false,"_jetpack_memberships_contains_paid_content":false,"footnotes":""},"categories":[5,10],"tags":[],"class_list":["post-984","post","type-post","status-publish","format-standard","has-post-thumbnail","hentry","category-artigos","category-intervencao"],"jetpack_featured_media_url":"https:\/\/art-telheiras.pt\/wp-content\/uploads\/2024\/02\/20220818_200728-FR-w.jpg","jetpack_sharing_enabled":true,"jetpack_likes_enabled":true,"_links":{"self":[{"href":"https:\/\/art-telheiras.pt\/index.php?rest_route=\/wp\/v2\/posts\/984","targetHints":{"allow":["GET"]}}],"collection":[{"href":"https:\/\/art-telheiras.pt\/index.php?rest_route=\/wp\/v2\/posts"}],"about":[{"href":"https:\/\/art-telheiras.pt\/index.php?rest_route=\/wp\/v2\/types\/post"}],"author":[{"embeddable":true,"href":"https:\/\/art-telheiras.pt\/index.php?rest_route=\/wp\/v2\/users\/1"}],"replies":[{"embeddable":true,"href":"https:\/\/art-telheiras.pt\/index.php?rest_route=%2Fwp%2Fv2%2Fcomments&post=984"}],"version-history":[{"count":6,"href":"https:\/\/art-telheiras.pt\/index.php?rest_route=\/wp\/v2\/posts\/984\/revisions"}],"predecessor-version":[{"id":997,"href":"https:\/\/art-telheiras.pt\/index.php?rest_route=\/wp\/v2\/posts\/984\/revisions\/997"}],"wp:featuredmedia":[{"embeddable":true,"href":"https:\/\/art-telheiras.pt\/index.php?rest_route=\/wp\/v2\/media\/985"}],"wp:attachment":[{"href":"https:\/\/art-telheiras.pt\/index.php?rest_route=%2Fwp%2Fv2%2Fmedia&parent=984"}],"wp:term":[{"taxonomy":"category","embeddable":true,"href":"https:\/\/art-telheiras.pt\/index.php?rest_route=%2Fwp%2Fv2%2Fcategories&post=984"},{"taxonomy":"post_tag","embeddable":true,"href":"https:\/\/art-telheiras.pt\/index.php?rest_route=%2Fwp%2Fv2%2Ftags&post=984"}],"curies":[{"name":"wp","href":"https:\/\/api.w.org\/{rel}","templated":true}]}}